{"id":1766,"date":"2019-04-12T15:07:16","date_gmt":"2019-04-12T15:07:16","guid":{"rendered":"https:\/\/www.megasaglik.com\/?p=1766"},"modified":"2019-04-12T15:07:16","modified_gmt":"2019-04-12T15:07:16","slug":"uyku-apnesi-nedir-cocuklarda-gorulebilecek-buyuk-tehlike","status":"publish","type":"post","link":"https:\/\/megasaglik.com\/index.php\/2019\/04\/12\/uyku-apnesi-nedir-cocuklarda-gorulebilecek-buyuk-tehlike\/","title":{"rendered":"Uyku apnesi nedir \u00e7ocuklarda g\u00f6r\u00fclebilecek b\u00fcy\u00fck tehlike !"},"content":{"rendered":"<p>T\u0131kay\u0131c\u0131 uyku apne sendromunun okul \u00f6ncesinde tedavi edilmesinin \u00f6nem ta\u015f\u0131d\u0131\u011f\u0131n\u0131 belirten Op.Dr. Bahad\u0131r Baykal, \u201c\u00c7\u00fcnk\u00fc tedavi edilmeyen sorun, \u00e7ocuklar\u0131n hem ya\u015fam kalitesini hem de okul ba\u015far\u0131s\u0131n\u0131 olumsuz etkiliyor\u201d dedi.<\/p>\n<p>Kulak Burun Bo\u011faz ve Ba\u015f Boyun Cerrahisi Uzman\u0131 Op.Dr. Bahad\u0131r Baykal, kaliteli uykunun hem eri\u015fkinlerde hem de \u00e7ocuklarda sa\u011fl\u0131kl\u0131 ya\u015fam i\u00e7in vazge\u00e7ilmez oldu\u011funu ifade ederek konu\u015fmas\u0131na \u015fu \u015fekilde devam etti:<\/p>\n<p>\u201cT\u0131kay\u0131c\u0131 uyku apne hastal\u0131\u011f\u0131nda uyku s\u0131ras\u0131nda tam veya k\u0131smi hava yolu t\u0131kanmas\u0131 sonucunda solunumun ani durmas\u0131, uyku kalitesinin bozulmas\u0131 s\u00f6z konusudur. Eri\u015fkinlerde uyku apnesinin kalp ritm bozuklu\u011fundan refl\u00fcye, hipertansiyondan cinsel fonksiyon bozuklu\u011funa kadar pek \u00e7ok hastal\u0131\u011fa davetiye \u00e7\u0131kard\u0131\u011f\u0131n\u0131 biliyoruz.&#8221;<\/p>\n<p>&#8220;\u00c7ocuklarda ise uyku apnesi; b\u00fcy\u00fcme geli\u015fme gerili\u011finden s\u0131k \u00fcst solunum yolu enfeksiyonlar\u0131na, hiperaktivite den okul ba\u015far\u0131s\u0131zl\u0131\u011f\u0131na kadar pek \u00e7ok soruna yol a\u00e7ar. Okul \u00f6ncesi \u00e7ocuklarda toplam uyku s\u00fcresi 11-12 saat, 6-12 ya\u015f d\u00f6neminde bu s\u00fcre 9-11 saattir. T\u0131kay\u0131c\u0131 uyku apne hastal\u0131\u011f\u0131n\u0131n okul \u00f6ncesinde tedavi edilmesi ise olduk\u00e7a \u00f6nemlidir. \u00c7\u00fcnk\u00fc tedavi edilmeyen \u00e7ocuklarda ya\u015fam kalitesiyle birlikte okul ba\u015far\u0131s\u0131 da olumsuz etkilenir\u201d diye konu\u015ftu.<\/p>\n<p>Uyku apnesinin sonucunda meydana gelebilecek rahats\u0131zl\u0131klar<\/p>\n<p>Uyku apnesi \u00e7ocuklarda konsantrasyon g\u00fc\u00e7l\u00fc\u011f\u00fcne neden olarak \u00f6\u011frenim zorlu\u011funa ve okul ba\u015far\u0131s\u0131zl\u0131\u011f\u0131na neden olur. E\u011fer \u00e7ocu\u011funuz uykuda horluyor, gece boyunca \u00fcst\u00fcn\u00fc a\u00e7arak a\u015f\u0131r\u0131 terliyor, yatakta s\u00fcrekli d\u00f6n\u00fcyor ve bir kez dahi olsa nefesi duruyorsa uyku apnesinden \u015f\u00fcphelenmeniz gerekir.<\/p>\n<p>\u00d6zellikle \u015fi\u015fman, alerjik ve b\u00fcy\u00fck dili olan y\u00fcz geli\u015fim kusurlu \u00e7ocuklarda uyku apnesi daha s\u0131k g\u00f6r\u00fclse bile as\u0131l neden hemen her zaman b\u00fcy\u00fck bademcik ve geniz etidir. Yayg\u0131n burun polipleri de zaman zaman apne sebebi olabilir.<\/p>\n<p>Uyku d\u00fczeni bozulan ve gece yeterince uyuyamayan \u00e7ocukta zamanla ders konsantrasyonu azal\u0131r. Alg\u0131 bozuklu\u011fu beraberinde ezberleme ve \u00f6\u011frenme g\u00fc\u00e7l\u00fc\u011f\u00fcn\u00fc getirir.<\/p>\n<p>Dikkat azalmas\u0131 ve haf\u0131za kullan\u0131m\u0131nda bozulma g\u00f6r\u00fcl\u00fcr. G\u00fcn i\u00e7erisinde h\u0131r\u00e7\u0131n davran\u0131\u015flar sergileyen \u00e7ocuk tahamm\u00fcls\u00fcz ve hiperaktif olur. Uyku d\u00fczeni bozulan ve gece yeterince uyuyamayan \u00e7ocukta zamanla ders konsantrasyonu azal\u0131r.<\/p>\n<p>Gece b\u00fcy\u00fcme hormonu daha az salg\u0131lan\u0131r dolay\u0131s\u0131yla geli\u015fim bozulur, kilo al\u0131m\u0131 ve boy uzamas\u0131 durur.<\/p>\n<p>Tedavisi nas\u0131l olur?<br \/>\n&#8211; E\u011fer \u00e7ocu\u011fun \u015fikayetleri bir \u00fcst solunum yolu enfeksiyonunu takiben ortaya \u00e7\u0131km\u0131\u015fsa ila\u00e7 tedavisi uygulan\u0131r.<br \/>\n&#8211; \u015eayet tedaviyle bu durum d\u00fczelmezse geniz eti ve bademciklerin b\u00fcy\u00fckl\u00fc\u011f\u00fc ameliyat a\u00e7\u0131s\u0131ndan de\u011ferlendirilir.<br \/>\n&#8211; Geniz eti ve bademcik sorunundan kaynaklanan uyku apnesi ameliyat sonras\u0131nda dramatik bir \u015fekilde d\u00fczeliyor. \u0130\u015ftah art\u0131yor, b\u00fcy\u00fcme ve geli\u015fme d\u00fczene giriyor ve \u00e7ocuk yeterli uyudu\u011fu i\u00e7in okul ba\u015far\u0131s\u0131 art\u0131yor.<\/p>\n<p><img decoding=\"async\" src=\"https:\/\/megasaglik.com\/wp-content\/uploads\/2019\/04\/uyku-apnesi-BAO1.png\" \/><\/p>\n","protected":false},"excerpt":{"rendered":"<p>T\u0131kay\u0131c\u0131 uyku apne sendromunun okul \u00f6ncesinde tedavi edilmesinin \u00f6nem ta\u015f\u0131d\u0131\u011f\u0131n\u0131 belirten Op.Dr. Bahad\u0131r Baykal, \u201c\u00c7\u00fcnk\u00fc tedavi edilmeyen sorun, \u00e7ocuklar\u0131n hem ya\u015fam kalitesini hem de okul ba\u015far\u0131s\u0131n\u0131 olumsuz etkiliyor\u201d dedi. Kulak Burun Bo\u011faz ve Ba\u015f Boyun Cerrahisi Uzman\u0131 Op.Dr. Bahad\u0131r Baykal, kaliteli uykunun hem eri\u015fkinlerde hem de \u00e7ocuklarda sa\u011fl\u0131kl\u0131 ya\u015fam i\u00e7in vazge\u00e7ilmez oldu\u011funu ifade ederek konu\u015fmas\u0131na [&hellip;]<\/p>\n","protected":false},"author":1,"featured_media":0,"comment_status":"open","ping_status":"open","sticky":false,"template":"","format":"standard","meta":{"footnotes":""},"categories":[1],"tags":[],"class_list":{"0":"post-1766","1":"post","2":"type-post","3":"status-publish","4":"format-standard","6":"category-genel","7":"czr-hentry"},"yoast_head":"<!-- This site is optimized with the Yoast SEO plugin v27.5 - https:\/\/yoast.com\/product\/yoast-seo-wordpress\/ -->\n<title>Uyku apnesi nedir \u00e7ocuklarda g\u00f6r\u00fclebilecek b\u00fcy\u00fck tehlike ! - Mega Sa\u011fl\u0131k<\/title>\n<meta name=\"robots\" content=\"index, follow, max-snippet:-1, max-image-preview:large, max-video-preview:-1\" \/>\n<link rel=\"canonical\" href=\"https:\/\/megasaglik.com\/index.php\/2019\/04\/12\/uyku-apnesi-nedir-cocuklarda-gorulebilecek-buyuk-tehlike\/\" \/>\n<meta property=\"og:locale\" content=\"tr_TR\" \/>\n<meta property=\"og:type\" content=\"article\" \/>\n<meta property=\"og:title\" content=\"Uyku apnesi nedir \u00e7ocuklarda g\u00f6r\u00fclebilecek b\u00fcy\u00fck tehlike ! - Mega Sa\u011fl\u0131k\" \/>\n<meta property=\"og:description\" content=\"T\u0131kay\u0131c\u0131 uyku apne sendromunun okul \u00f6ncesinde tedavi edilmesinin \u00f6nem ta\u015f\u0131d\u0131\u011f\u0131n\u0131 belirten Op.Dr. Bahad\u0131r Baykal, \u201c\u00c7\u00fcnk\u00fc tedavi edilmeyen sorun, \u00e7ocuklar\u0131n hem ya\u015fam kalitesini hem de okul ba\u015far\u0131s\u0131n\u0131 olumsuz etkiliyor\u201d dedi. Kulak Burun Bo\u011faz ve Ba\u015f Boyun Cerrahisi Uzman\u0131 Op.Dr. Bahad\u0131r Baykal, kaliteli uykunun hem eri\u015fkinlerde hem de \u00e7ocuklarda sa\u011fl\u0131kl\u0131 ya\u015fam i\u00e7in vazge\u00e7ilmez oldu\u011funu ifade ederek konu\u015fmas\u0131na [&hellip;]\" \/>\n<meta property=\"og:url\" content=\"https:\/\/megasaglik.com\/index.php\/2019\/04\/12\/uyku-apnesi-nedir-cocuklarda-gorulebilecek-buyuk-tehlike\/\" \/>\n<meta property=\"og:site_name\" content=\"Mega Sa\u011fl\u0131k\" \/>\n<meta property=\"article:published_time\" content=\"2019-04-12T15:07:16+00:00\" \/>\n<meta property=\"og:image\" content=\"https:\/\/megasaglik.com\/wp-content\/uploads\/2019\/04\/uyku-apnesi-BAO1.png\" \/>\n<meta name=\"author\" content=\"DrElaSoylemez\" \/>\n<meta name=\"twitter:card\" content=\"summary_large_image\" \/>\n<meta name=\"twitter:label1\" content=\"Yazan:\" \/>\n\t<meta name=\"twitter:data1\" content=\"DrElaSoylemez\" \/>\n\t<meta name=\"twitter:label2\" content=\"Tahmini okuma s\u00fcresi\" \/>\n\t<meta name=\"twitter:data2\" content=\"3 dakika\" \/>\n<script type=\"application\/ld+json\" class=\"yoast-schema-graph\">{\"@context\":\"https:\\\/\\\/schema.org\",\"@graph\":[{\"@type\":\"Article\",\"@id\":\"https:\\\/\\\/megasaglik.com\\\/index.php\\\/2019\\\/04\\\/12\\\/uyku-apnesi-nedir-cocuklarda-gorulebilecek-buyuk-tehlike\\\/#article\",\"isPartOf\":{\"@id\":\"https:\\\/\\\/megasaglik.com\\\/index.php\\\/2019\\\/04\\\/12\\\/uyku-apnesi-nedir-cocuklarda-gorulebilecek-buyuk-tehlike\\\/\"},\"author\":{\"name\":\"DrElaSoylemez\",\"@id\":\"https:\\\/\\\/megasaglik.com\\\/#\\\/schema\\\/person\\\/e990d391e914ddf80c72371fe19e886a\"},\"headline\":\"Uyku apnesi nedir \u00e7ocuklarda g\u00f6r\u00fclebilecek b\u00fcy\u00fck tehlike !\",\"datePublished\":\"2019-04-12T15:07:16+00:00\",\"mainEntityOfPage\":{\"@id\":\"https:\\\/\\\/megasaglik.com\\\/index.php\\\/2019\\\/04\\\/12\\\/uyku-apnesi-nedir-cocuklarda-gorulebilecek-buyuk-tehlike\\\/\"},\"wordCount\":517,\"commentCount\":0,\"image\":{\"@id\":\"https:\\\/\\\/megasaglik.com\\\/index.php\\\/2019\\\/04\\\/12\\\/uyku-apnesi-nedir-cocuklarda-gorulebilecek-buyuk-tehlike\\\/#primaryimage\"},\"thumbnailUrl\":\"https:\\\/\\\/megasaglik.com\\\/wp-content\\\/uploads\\\/2019\\\/04\\\/uyku-apnesi-BAO1.png\",\"inLanguage\":\"tr\",\"potentialAction\":[{\"@type\":\"CommentAction\",\"name\":\"Comment\",\"target\":[\"https:\\\/\\\/megasaglik.com\\\/index.php\\\/2019\\\/04\\\/12\\\/uyku-apnesi-nedir-cocuklarda-gorulebilecek-buyuk-tehlike\\\/#respond\"]}]},{\"@type\":\"WebPage\",\"@id\":\"https:\\\/\\\/megasaglik.com\\\/index.php\\\/2019\\\/04\\\/12\\\/uyku-apnesi-nedir-cocuklarda-gorulebilecek-buyuk-tehlike\\\/\",\"url\":\"https:\\\/\\\/megasaglik.com\\\/index.php\\\/2019\\\/04\\\/12\\\/uyku-apnesi-nedir-cocuklarda-gorulebilecek-buyuk-tehlike\\\/\",\"name\":\"Uyku apnesi nedir \u00e7ocuklarda g\u00f6r\u00fclebilecek b\u00fcy\u00fck tehlike ! - Mega Sa\u011fl\u0131k\",\"isPartOf\":{\"@id\":\"https:\\\/\\\/megasaglik.com\\\/#website\"},\"primaryImageOfPage\":{\"@id\":\"https:\\\/\\\/megasaglik.com\\\/index.php\\\/2019\\\/04\\\/12\\\/uyku-apnesi-nedir-cocuklarda-gorulebilecek-buyuk-tehlike\\\/#primaryimage\"},\"image\":{\"@id\":\"https:\\\/\\\/megasaglik.com\\\/index.php\\\/2019\\\/04\\\/12\\\/uyku-apnesi-nedir-cocuklarda-gorulebilecek-buyuk-tehlike\\\/#primaryimage\"},\"thumbnailUrl\":\"https:\\\/\\\/megasaglik.com\\\/wp-content\\\/uploads\\\/2019\\\/04\\\/uyku-apnesi-BAO1.png\",\"datePublished\":\"2019-04-12T15:07:16+00:00\",\"author\":{\"@id\":\"https:\\\/\\\/megasaglik.com\\\/#\\\/schema\\\/person\\\/e990d391e914ddf80c72371fe19e886a\"},\"breadcrumb\":{\"@id\":\"https:\\\/\\\/megasaglik.com\\\/index.php\\\/2019\\\/04\\\/12\\\/uyku-apnesi-nedir-cocuklarda-gorulebilecek-buyuk-tehlike\\\/#breadcrumb\"},\"inLanguage\":\"tr\",\"potentialAction\":[{\"@type\":\"ReadAction\",\"target\":[\"https:\\\/\\\/megasaglik.com\\\/index.php\\\/2019\\\/04\\\/12\\\/uyku-apnesi-nedir-cocuklarda-gorulebilecek-buyuk-tehlike\\\/\"]}]},{\"@type\":\"ImageObject\",\"inLanguage\":\"tr\",\"@id\":\"https:\\\/\\\/megasaglik.com\\\/index.php\\\/2019\\\/04\\\/12\\\/uyku-apnesi-nedir-cocuklarda-gorulebilecek-buyuk-tehlike\\\/#primaryimage\",\"url\":\"https:\\\/\\\/megasaglik.com\\\/wp-content\\\/uploads\\\/2019\\\/04\\\/uyku-apnesi-BAO1.png\",\"contentUrl\":\"https:\\\/\\\/megasaglik.com\\\/wp-content\\\/uploads\\\/2019\\\/04\\\/uyku-apnesi-BAO1.png\"},{\"@type\":\"BreadcrumbList\",\"@id\":\"https:\\\/\\\/megasaglik.com\\\/index.php\\\/2019\\\/04\\\/12\\\/uyku-apnesi-nedir-cocuklarda-gorulebilecek-buyuk-tehlike\\\/#breadcrumb\",\"itemListElement\":[{\"@type\":\"ListItem\",\"position\":1,\"name\":\"Anasayfa\",\"item\":\"https:\\\/\\\/megasaglik.com\\\/\"},{\"@type\":\"ListItem\",\"position\":2,\"name\":\"Uyku apnesi nedir \u00e7ocuklarda g\u00f6r\u00fclebilecek b\u00fcy\u00fck tehlike !\"}]},{\"@type\":\"WebSite\",\"@id\":\"https:\\\/\\\/megasaglik.com\\\/#website\",\"url\":\"https:\\\/\\\/megasaglik.com\\\/\",\"name\":\"Mega Sa\u011fl\u0131k\",\"description\":\"\",\"potentialAction\":[{\"@type\":\"SearchAction\",\"target\":{\"@type\":\"EntryPoint\",\"urlTemplate\":\"https:\\\/\\\/megasaglik.com\\\/?s={search_term_string}\"},\"query-input\":{\"@type\":\"PropertyValueSpecification\",\"valueRequired\":true,\"valueName\":\"search_term_string\"}}],\"inLanguage\":\"tr\"},{\"@type\":\"Person\",\"@id\":\"https:\\\/\\\/megasaglik.com\\\/#\\\/schema\\\/person\\\/e990d391e914ddf80c72371fe19e886a\",\"name\":\"DrElaSoylemez\",\"image\":{\"@type\":\"ImageObject\",\"inLanguage\":\"tr\",\"@id\":\"https:\\\/\\\/secure.gravatar.com\\\/avatar\\\/4e3cc83113514480e740ed3254a846225a94f70f4adce1e70f57d8da9db4b271?s=96&d=mm&r=g\",\"url\":\"https:\\\/\\\/secure.gravatar.com\\\/avatar\\\/4e3cc83113514480e740ed3254a846225a94f70f4adce1e70f57d8da9db4b271?s=96&d=mm&r=g\",\"contentUrl\":\"https:\\\/\\\/secure.gravatar.com\\\/avatar\\\/4e3cc83113514480e740ed3254a846225a94f70f4adce1e70f57d8da9db4b271?s=96&d=mm&r=g\",\"caption\":\"DrElaSoylemez\"},\"sameAs\":[\"https:\\\/\\\/megasaglik.com\"],\"url\":\"https:\\\/\\\/megasaglik.com\\\/index.php\\\/author\\\/drelasoylemez\\\/\"}]}<\/script>\n<!-- \/ Yoast SEO plugin. -->","yoast_head_json":{"title":"Uyku apnesi nedir \u00e7ocuklarda g\u00f6r\u00fclebilecek b\u00fcy\u00fck tehlike ! - Mega Sa\u011fl\u0131k","robots":{"index":"index","follow":"follow","max-snippet":"max-snippet:-1","max-image-preview":"max-image-preview:large","max-video-preview":"max-video-preview:-1"},"canonical":"https:\/\/megasaglik.com\/index.php\/2019\/04\/12\/uyku-apnesi-nedir-cocuklarda-gorulebilecek-buyuk-tehlike\/","og_locale":"tr_TR","og_type":"article","og_title":"Uyku apnesi nedir \u00e7ocuklarda g\u00f6r\u00fclebilecek b\u00fcy\u00fck tehlike ! - Mega Sa\u011fl\u0131k","og_description":"T\u0131kay\u0131c\u0131 uyku apne sendromunun okul \u00f6ncesinde tedavi edilmesinin \u00f6nem ta\u015f\u0131d\u0131\u011f\u0131n\u0131 belirten Op.Dr. Bahad\u0131r Baykal, \u201c\u00c7\u00fcnk\u00fc tedavi edilmeyen sorun, \u00e7ocuklar\u0131n hem ya\u015fam kalitesini hem de okul ba\u015far\u0131s\u0131n\u0131 olumsuz etkiliyor\u201d dedi. Kulak Burun Bo\u011faz ve Ba\u015f Boyun Cerrahisi Uzman\u0131 Op.Dr. Bahad\u0131r Baykal, kaliteli uykunun hem eri\u015fkinlerde hem de \u00e7ocuklarda sa\u011fl\u0131kl\u0131 ya\u015fam i\u00e7in vazge\u00e7ilmez oldu\u011funu ifade ederek konu\u015fmas\u0131na [&hellip;]","og_url":"https:\/\/megasaglik.com\/index.php\/2019\/04\/12\/uyku-apnesi-nedir-cocuklarda-gorulebilecek-buyuk-tehlike\/","og_site_name":"Mega Sa\u011fl\u0131k","article_published_time":"2019-04-12T15:07:16+00:00","og_image":[{"url":"https:\/\/megasaglik.com\/wp-content\/uploads\/2019\/04\/uyku-apnesi-BAO1.png","type":"","width":"","height":""}],"author":"DrElaSoylemez","twitter_card":"summary_large_image","twitter_misc":{"Yazan:":"DrElaSoylemez","Tahmini okuma s\u00fcresi":"3 dakika"},"schema":{"@context":"https:\/\/schema.org","@graph":[{"@type":"Article","@id":"https:\/\/megasaglik.com\/index.php\/2019\/04\/12\/uyku-apnesi-nedir-cocuklarda-gorulebilecek-buyuk-tehlike\/#article","isPartOf":{"@id":"https:\/\/megasaglik.com\/index.php\/2019\/04\/12\/uyku-apnesi-nedir-cocuklarda-gorulebilecek-buyuk-tehlike\/"},"author":{"name":"DrElaSoylemez","@id":"https:\/\/megasaglik.com\/#\/schema\/person\/e990d391e914ddf80c72371fe19e886a"},"headline":"Uyku apnesi nedir \u00e7ocuklarda g\u00f6r\u00fclebilecek b\u00fcy\u00fck tehlike !","datePublished":"2019-04-12T15:07:16+00:00","mainEntityOfPage":{"@id":"https:\/\/megasaglik.com\/index.php\/2019\/04\/12\/uyku-apnesi-nedir-cocuklarda-gorulebilecek-buyuk-tehlike\/"},"wordCount":517,"commentCount":0,"image":{"@id":"https:\/\/megasaglik.com\/index.php\/2019\/04\/12\/uyku-apnesi-nedir-cocuklarda-gorulebilecek-buyuk-tehlike\/#primaryimage"},"thumbnailUrl":"https:\/\/megasaglik.com\/wp-content\/uploads\/2019\/04\/uyku-apnesi-BAO1.png","inLanguage":"tr","potentialAction":[{"@type":"CommentAction","name":"Comment","target":["https:\/\/megasaglik.com\/index.php\/2019\/04\/12\/uyku-apnesi-nedir-cocuklarda-gorulebilecek-buyuk-tehlike\/#respond"]}]},{"@type":"WebPage","@id":"https:\/\/megasaglik.com\/index.php\/2019\/04\/12\/uyku-apnesi-nedir-cocuklarda-gorulebilecek-buyuk-tehlike\/","url":"https:\/\/megasaglik.com\/index.php\/2019\/04\/12\/uyku-apnesi-nedir-cocuklarda-gorulebilecek-buyuk-tehlike\/","name":"Uyku apnesi nedir \u00e7ocuklarda g\u00f6r\u00fclebilecek b\u00fcy\u00fck tehlike ! - Mega Sa\u011fl\u0131k","isPartOf":{"@id":"https:\/\/megasaglik.com\/#website"},"primaryImageOfPage":{"@id":"https:\/\/megasaglik.com\/index.php\/2019\/04\/12\/uyku-apnesi-nedir-cocuklarda-gorulebilecek-buyuk-tehlike\/#primaryimage"},"image":{"@id":"https:\/\/megasaglik.com\/index.php\/2019\/04\/12\/uyku-apnesi-nedir-cocuklarda-gorulebilecek-buyuk-tehlike\/#primaryimage"},"thumbnailUrl":"https:\/\/megasaglik.com\/wp-content\/uploads\/2019\/04\/uyku-apnesi-BAO1.png","datePublished":"2019-04-12T15:07:16+00:00","author":{"@id":"https:\/\/megasaglik.com\/#\/schema\/person\/e990d391e914ddf80c72371fe19e886a"},"breadcrumb":{"@id":"https:\/\/megasaglik.com\/index.php\/2019\/04\/12\/uyku-apnesi-nedir-cocuklarda-gorulebilecek-buyuk-tehlike\/#breadcrumb"},"inLanguage":"tr","potentialAction":[{"@type":"ReadAction","target":["https:\/\/megasaglik.com\/index.php\/2019\/04\/12\/uyku-apnesi-nedir-cocuklarda-gorulebilecek-buyuk-tehlike\/"]}]},{"@type":"ImageObject","inLanguage":"tr","@id":"https:\/\/megasaglik.com\/index.php\/2019\/04\/12\/uyku-apnesi-nedir-cocuklarda-gorulebilecek-buyuk-tehlike\/#primaryimage","url":"https:\/\/megasaglik.com\/wp-content\/uploads\/2019\/04\/uyku-apnesi-BAO1.png","contentUrl":"https:\/\/megasaglik.com\/wp-content\/uploads\/2019\/04\/uyku-apnesi-BAO1.png"},{"@type":"BreadcrumbList","@id":"https:\/\/megasaglik.com\/index.php\/2019\/04\/12\/uyku-apnesi-nedir-cocuklarda-gorulebilecek-buyuk-tehlike\/#breadcrumb","itemListElement":[{"@type":"ListItem","position":1,"name":"Anasayfa","item":"https:\/\/megasaglik.com\/"},{"@type":"ListItem","position":2,"name":"Uyku apnesi nedir \u00e7ocuklarda g\u00f6r\u00fclebilecek b\u00fcy\u00fck tehlike !"}]},{"@type":"WebSite","@id":"https:\/\/megasaglik.com\/#website","url":"https:\/\/megasaglik.com\/","name":"Mega Sa\u011fl\u0131k","description":"","potentialAction":[{"@type":"SearchAction","target":{"@type":"EntryPoint","urlTemplate":"https:\/\/megasaglik.com\/?s={search_term_string}"},"query-input":{"@type":"PropertyValueSpecification","valueRequired":true,"valueName":"search_term_string"}}],"inLanguage":"tr"},{"@type":"Person","@id":"https:\/\/megasaglik.com\/#\/schema\/person\/e990d391e914ddf80c72371fe19e886a","name":"DrElaSoylemez","image":{"@type":"ImageObject","inLanguage":"tr","@id":"https:\/\/secure.gravatar.com\/avatar\/4e3cc83113514480e740ed3254a846225a94f70f4adce1e70f57d8da9db4b271?s=96&d=mm&r=g","url":"https:\/\/secure.gravatar.com\/avatar\/4e3cc83113514480e740ed3254a846225a94f70f4adce1e70f57d8da9db4b271?s=96&d=mm&r=g","contentUrl":"https:\/\/secure.gravatar.com\/avatar\/4e3cc83113514480e740ed3254a846225a94f70f4adce1e70f57d8da9db4b271?s=96&d=mm&r=g","caption":"DrElaSoylemez"},"sameAs":["https:\/\/megasaglik.com"],"url":"https:\/\/megasaglik.com\/index.php\/author\/drelasoylemez\/"}]}},"_links":{"self":[{"href":"https:\/\/megasaglik.com\/index.php\/wp-json\/wp\/v2\/posts\/1766","targetHints":{"allow":["GET"]}}],"collection":[{"href":"https:\/\/megasaglik.com\/index.php\/wp-json\/wp\/v2\/posts"}],"about":[{"href":"https:\/\/megasaglik.com\/index.php\/wp-json\/wp\/v2\/types\/post"}],"author":[{"embeddable":true,"href":"https:\/\/megasaglik.com\/index.php\/wp-json\/wp\/v2\/users\/1"}],"replies":[{"embeddable":true,"href":"https:\/\/megasaglik.com\/index.php\/wp-json\/wp\/v2\/comments?post=1766"}],"version-history":[{"count":0,"href":"https:\/\/megasaglik.com\/index.php\/wp-json\/wp\/v2\/posts\/1766\/revisions"}],"wp:attachment":[{"href":"https:\/\/megasaglik.com\/index.php\/wp-json\/wp\/v2\/media?parent=1766"}],"wp:term":[{"taxonomy":"category","embeddable":true,"href":"https:\/\/megasaglik.com\/index.php\/wp-json\/wp\/v2\/categories?post=1766"},{"taxonomy":"post_tag","embeddable":true,"href":"https:\/\/megasaglik.com\/index.php\/wp-json\/wp\/v2\/tags?post=1766"}],"curies":[{"name":"wp","href":"https:\/\/api.w.org\/{rel}","templated":true}]}}