{"id":1870,"date":"2019-04-28T17:05:33","date_gmt":"2019-04-28T17:05:33","guid":{"rendered":"https:\/\/www.megasaglik.com\/?p=1870"},"modified":"2019-04-28T17:05:33","modified_gmt":"2019-04-28T17:05:33","slug":"cocuklarda-demir-eksikligi-anemisi-teshisi-ve-tedavisi","status":"publish","type":"post","link":"https:\/\/megasaglik.com\/index.php\/2019\/04\/28\/cocuklarda-demir-eksikligi-anemisi-teshisi-ve-tedavisi\/","title":{"rendered":"\u00c7ocuklarda Demir Eksikli\u011fi Anemisi Te\u015fhisi Ve Tedavisi !"},"content":{"rendered":"<p>Demir oran\u0131 d\u00fc\u015f\u00fck bir beslenme plan\u0131 ya da anne s\u00fct\u00fcn\u00fcn inek s\u00fct\u00fcyle de\u011fi\u015ftirilmesi, \u00e7ocuklarda demir eksikli\u011fi anemisini tetikleyebilir. Problemi nas\u0131l tespit edece\u011finizi bu yaz\u0131da \u00f6\u011frenin.<\/p>\n<p>\u00c7ocuklarda demir eksikli\u011fi anemisi, kandaki demir molek\u00fcl\u00fc oran\u0131n\u0131n ideal seviyelerden az olmas\u0131ndan kaynaklanan bir durumdur. Bu mineral, v\u00fccut dokular\u0131n\u0131n en iyi \u015fekilde \u00e7al\u0131\u015fmas\u0131n\u0131 sa\u011flamak ad\u0131na kandaki oksijeni ta\u015f\u0131makla y\u00fck\u00fcml\u00fc protein hemoglobinin \u00f6nemli bir par\u00e7as\u0131d\u0131r.<\/p>\n<p>Bu hastal\u0131k, \u00f6zellikle iyi beslenmedikleri zaman 6 ay ila 3 ya\u015f aras\u0131ndaki \u00e7ocuklarda yayg\u0131n olarak g\u00f6r\u00fcl\u00fcr. Bununla birlikte, daha b\u00fcy\u00fck \u00e7ocuklar\u0131 da etkiler ve genellikle \u00e7ocuk doktorlar\u0131n\u0131n en \u00e7ok kar\u015f\u0131la\u015ft\u0131klar\u0131 vakalardan bir tanesidir.<\/p>\n<p>Nedenleri nelerdir ve nas\u0131l ortaya \u00e7\u0131kar?<\/p>\n<p>Bu sorular\u0131 cevaplamak i\u00e7in, hastal\u0131\u011f\u0131n \u00f6ne \u00e7\u0131kan \u00f6zelliklerini ele almak \u00f6nemlidir. Bu y\u00fczden temel sebeplerini ve vaktinde te\u015fhis edilmesini sa\u011flayacak semptomlar\u0131n\u0131 bu yaz\u0131da g\u00f6zden ge\u00e7irdik.<\/p>\n<p>Ayr\u0131ca bak\u0131n\u0131z: Anemi i\u00e7in Ba\u015far\u0131l\u0131 Ev Yap\u0131m\u0131 Tedaviler<\/p>\n<p>\u00c7ocuklarda Demir Eksikli\u011fi Anemisi Neden Olu\u015fur?<br \/>\n\u00c7ocuklarda demir eksikli\u011fi anemisinin ba\u015fl\u0131ca nedeni v\u00fccutta demir emiliminin d\u00fc\u015f\u00fck olmas\u0131d\u0131r. V\u00fccut bu minerali g\u0131dalar arac\u0131l\u0131\u011f\u0131yla al\u0131r ve ayn\u0131 zamanda eski k\u0131rm\u0131z\u0131 kan h\u00fccrelerinden geri d\u00f6n\u00fc\u015ft\u00fcr\u00fcr.<\/p>\n<p>Hastal\u0131\u011f\u0131 tetikleyen di\u011fer fakt\u00f6rler \u015funlard\u0131r:<\/p>\n<p>Bu mineral a\u00e7\u0131s\u0131ndan zay\u0131f bir diyet<br \/>\nV\u00fccudun demiri absorbe etmekte zorlanmas\u0131<br \/>\nYava\u015f ve uzun s\u00fcreli kan kayb\u0131<br \/>\n\u0130nek s\u00fct\u00fcn\u00fcn a\u015f\u0131r\u0131 t\u00fcketimi (\u00f6zellikle anne s\u00fct\u00fc yerine)<br \/>\nG\u0131da alerjileri<br \/>\nKur\u015fun zehirlenmesi<br \/>\nkan t\u00fcp\u00fc<\/p>\n<p>\u00c7ocuklarda demir eksikli\u011fi anemisinin belirtileri<br \/>\n\u0130lk a\u015famalar\u0131nda, hastal\u0131k genellikle net semptomlara neden olmaz. Bu durum tedaviyi zorla\u015ft\u0131r\u0131r zira demir seviyeleri ve kan say\u0131m\u0131 azalmaya devam eder.<\/p>\n<p>\u0130lerledik\u00e7e, \u00e7ocuklarda demir eksikli\u011fi anemisi a\u015fa\u011f\u0131dakilere neden olur:<\/p>\n<p>G\u00f6z ak\u0131nda mavimsi ya da soluk renkte de\u011fi\u015fiklikler<br \/>\nK\u0131r\u0131lgan t\u0131rnaklar<br \/>\nAzalan i\u015ftah ya da al\u0131\u015f\u0131lmad\u0131k yiyecekler i\u00e7in \u015fiddetli arzu<br \/>\nHalsizlik ve bitkinlik<br \/>\nBa\u015f a\u011fr\u0131s\u0131 ve ba\u015f d\u00f6nmesi<br \/>\nSinirlilik ve enerjisizlik<br \/>\nSolunum g\u00fc\u00e7l\u00fc\u011f\u00fc ve ta\u015fikardi<br \/>\nSolgun deri<br \/>\nZay\u0131fl\u0131k ve k\u00fc\u00e7\u00fck v\u00fccut boyutu<br \/>\nAyr\u0131ca bak\u0131n\u0131z: El ve Ayaklar\u0131m\u0131zda Neden Kar\u0131ncalanma Hissederiz?<\/p>\n<p>Te\u015fhis<br \/>\n\u00c7ocuklarda demir eksikli\u011fi anemisini te\u015fhis etmek i\u00e7in doktor fiziksel testler y\u00fcr\u00fct\u00fcr ve hastay\u0131 muayene eder. Ard\u0131ndan, analiz edilmesi i\u00e7in laboratuvara g\u00f6nderdi\u011fi bir kan \u00f6rne\u011fi al\u0131r. Bu test sonucunda, k\u0131rm\u0131z\u0131 kan h\u00fccrelerinde demir eksikli\u011fi olup olmad\u0131\u011f\u0131 anla\u015f\u0131l\u0131r.<\/p>\n<p>Genel olarak, hastal\u0131\u011f\u0131n te\u015fhisini m\u00fcmk\u00fcn k\u0131lan spesifik testler \u015funlard\u0131r:<\/p>\n<p>Hematokrit: Bu, anemi ve di\u011fer kan bozukluklar\u0131n\u0131 tespit edebilir.<br \/>\nSerum ferritin analizi: Bu, v\u00fccutta depolanan demir miktar\u0131n\u0131 \u00f6l\u00e7er.<br \/>\nSerum demir analizi: bu, kandaki demir miktar\u0131n\u0131 \u00f6l\u00e7er.<br \/>\nToplam demir ba\u011flama kapasitesi (TDBK): Bu, kandaki demiri ta\u015f\u0131makla sorumlu bir protein olan demirli glob\u00fclinin ta\u015f\u0131ma kabiliyetini \u00f6l\u00e7mek i\u00e7in kullan\u0131l\u0131r.<br \/>\n\u00c7ocuklarda demir eksikli\u011fi anemisini \u00f6nlemek<br \/>\nBu t\u00fcrde bir hastal\u0131\u011f\u0131 \u00f6nlemek i\u00e7in faydalanabilece\u011finiz iki temel \u00f6nlem vard\u0131r: beslenme ve t\u0131bbi kontroller.<\/p>\n<p>Bununla birlikte, her durumda, \u00e7ocu\u011fun bak\u0131m\u0131yla y\u00fck\u00fcml\u00fc olan ebeveynlerin rol\u00fc \u00e7ok b\u00fcy\u00fckt\u00fcr.<br \/>\ndemir oran\u0131 y\u00fcksek g\u0131dalar<\/p>\n<p>Uygun bir diyet<br \/>\nM\u00fcmk\u00fcnse, \u00e7ocuk, 6 ayl\u0131k olana kadar sadece anne s\u00fct\u00fc i\u00e7melidir. Baz\u0131lar\u0131 anne s\u00fct\u00fcne devam etmese de, bu g\u0131da demirin daha iyi emilmesini sa\u011flar ve ba\u011f\u0131\u015f\u0131kl\u0131k sisteminin geli\u015fimini destekler.<br \/>\n\u00c7ocuk anne s\u00fct\u00fcn\u00fc i\u00e7emiyorsa, se\u00e7ti\u011finiz besin kayna\u011f\u0131 demir a\u00e7\u0131s\u0131ndan zengin olmal\u0131d\u0131r.<br \/>\n5 veya 6 ayl\u0131ktan itibaren, meyve, sebze ve ya\u011fs\u0131z etler yoluyla \u00e7ocu\u011fa daha fazla besin \u00f6gesi sa\u011flanabilir.<br \/>\nAyr\u0131ca, bebek 12 ayl\u0131k olmadan \u00f6nce inek s\u00fct\u00fc vermekten ka\u00e7\u0131n\u0131n.<br \/>\n\u00c7ocuk b\u00fcy\u00fcd\u00fck\u00e7e, ideal demir de\u011ferlerine sahip olmas\u0131 i\u00e7in dengeli ve zengin bir diyet yeterli olmal\u0131d\u0131r.<br \/>\n\u00c7ocuk doktorunu ziyaret etmek<br \/>\nBir \u00e7ocukta demir eksikli\u011fi anemisine ait semptomlar kendini g\u00f6stermeye ba\u015flad\u0131\u011f\u0131nda, \u00e7ocuk doktora g\u00f6t\u00fcr\u00fclmelidir. Benzer \u015fekilde, \u00e7ocuk herhangi bir risk fakt\u00f6r\u00fc ta\u015f\u0131yor veya ge\u00e7mi\u015finde bu hastal\u0131k varsa, d\u00fczenli olarak kontrole g\u00f6t\u00fcr\u00fclmelidir.<\/p>\n<p>Demir eksikli\u011fi anemisi i\u00e7in tedavi<br \/>\nYa\u015flar\u0131 ve geli\u015fim s\u00fcre\u00e7lerinden dolay\u0131, \u00e7ocuklar t\u00fckettikleri demirin yaln\u0131zca az bir miktar\u0131n\u0131 absorbe ederler. Bu nedenle, yeterli miktar\u0131 elde edebilmeleri i\u00e7in (g\u00fcnde yakla\u015f\u0131k 8 veya 10 mg), demir i\u00e7eren g\u0131dalar\u0131 diyetlerine dahil etmeniz \u00e7ok \u00f6nemlidir.<br \/>\nsebze yiyen \u00e7ocuklar<\/p>\n<p>Bunlar aras\u0131nda:<\/p>\n<p>Ya\u011fs\u0131z etler (tavuk, hindi, domuz eti)<br \/>\nBal\u0131k ve deniz mahsul\u00fc<br \/>\nYumurtalar<br \/>\nBaklagiller (kuru fasulye, mercimek, soya fasulyesi)<br \/>\n\u0130nek karaci\u011feri<br \/>\nYulaf<br \/>\nF\u0131st\u0131k ezmesi<br \/>\nKuru yemi\u015fler<br \/>\nErik suyu<br \/>\nIspanak<br \/>\nTam tah\u0131llar<br \/>\nSa\u011fl\u0131kl\u0131 beslenme d\u00fc\u015f\u00fck demir ve anemiyi tedavi edemezse, doktor, \u00e7ocu\u011funuzun a\u011f\u0131z yoluyla demir takviyeleri almas\u0131n\u0131 \u00f6nerebilir.<\/p>\n<p>Hi\u00e7bir ko\u015fulda demir veya vitamin takviyeleri \u00e7ocuk doktorunun g\u00f6zetimi olmadan \u00e7ocu\u011fa verilmemelidir.<\/p>\n<p>G\u00f6z \u00f6n\u00fcnde bulundurman\u0131z gerekenler<br \/>\nDemir eksikli\u011fi anemisi olan \u00e7ocu\u011funuz vaktinde tedavi edilmezse, bu kondisyon onun \u00f6\u011frenme ve geli\u015fme s\u00fcrecine engel olabilir. D\u00fc\u015f\u00fck demir seviyesine sahip olmak, \u00e7ocu\u011fun konsantrasyon ve uyan\u0131k olma kapasitelerini azalt\u0131r.<\/p>\n<p>Bu nedenle, semptomlar\u0131ndan herhangi birini fark ederseniz en k\u0131sa zamanda durumu ele alarak sorunun \u00f6n\u00fcne ge\u00e7ebilirsiniz.<\/p>\n<p><img decoding=\"async\" src=\"https:\/\/megasaglik.com\/wp-content\/uploads\/2019\/04\/cocuklarda-demir-eksikligi-anemisi-teshisi-ve-tedavisi.jpg\" \/><\/p>\n","protected":false},"excerpt":{"rendered":"<p>Demir oran\u0131 d\u00fc\u015f\u00fck bir beslenme plan\u0131 ya da anne s\u00fct\u00fcn\u00fcn inek s\u00fct\u00fcyle de\u011fi\u015ftirilmesi, \u00e7ocuklarda demir eksikli\u011fi anemisini tetikleyebilir. Problemi nas\u0131l tespit edece\u011finizi bu yaz\u0131da \u00f6\u011frenin. \u00c7ocuklarda demir eksikli\u011fi anemisi, kandaki demir molek\u00fcl\u00fc oran\u0131n\u0131n ideal seviyelerden az olmas\u0131ndan kaynaklanan bir durumdur. Bu mineral, v\u00fccut dokular\u0131n\u0131n en iyi \u015fekilde \u00e7al\u0131\u015fmas\u0131n\u0131 sa\u011flamak ad\u0131na kandaki oksijeni ta\u015f\u0131makla y\u00fck\u00fcml\u00fc protein [&hellip;]<\/p>\n","protected":false},"author":1,"featured_media":0,"comment_status":"open","ping_status":"open","sticky":false,"template":"","format":"standard","meta":{"footnotes":""},"categories":[1],"tags":[],"class_list":{"0":"post-1870","1":"post","2":"type-post","3":"status-publish","4":"format-standard","6":"category-genel","7":"czr-hentry"},"yoast_head":"<!-- This site is optimized with the Yoast SEO plugin v27.5 - https:\/\/yoast.com\/product\/yoast-seo-wordpress\/ -->\n<title>\u00c7ocuklarda Demir Eksikli\u011fi Anemisi Te\u015fhisi Ve Tedavisi ! - Mega Sa\u011fl\u0131k<\/title>\n<meta name=\"robots\" content=\"index, follow, max-snippet:-1, max-image-preview:large, max-video-preview:-1\" \/>\n<link rel=\"canonical\" href=\"https:\/\/megasaglik.com\/index.php\/2019\/04\/28\/cocuklarda-demir-eksikligi-anemisi-teshisi-ve-tedavisi\/\" \/>\n<meta property=\"og:locale\" content=\"tr_TR\" \/>\n<meta property=\"og:type\" content=\"article\" \/>\n<meta property=\"og:title\" content=\"\u00c7ocuklarda Demir Eksikli\u011fi Anemisi Te\u015fhisi Ve Tedavisi ! - Mega Sa\u011fl\u0131k\" \/>\n<meta property=\"og:description\" content=\"Demir oran\u0131 d\u00fc\u015f\u00fck bir beslenme plan\u0131 ya da anne s\u00fct\u00fcn\u00fcn inek s\u00fct\u00fcyle de\u011fi\u015ftirilmesi, \u00e7ocuklarda demir eksikli\u011fi anemisini tetikleyebilir. Problemi nas\u0131l tespit edece\u011finizi bu yaz\u0131da \u00f6\u011frenin. \u00c7ocuklarda demir eksikli\u011fi anemisi, kandaki demir molek\u00fcl\u00fc oran\u0131n\u0131n ideal seviyelerden az olmas\u0131ndan kaynaklanan bir durumdur. Bu mineral, v\u00fccut dokular\u0131n\u0131n en iyi \u015fekilde \u00e7al\u0131\u015fmas\u0131n\u0131 sa\u011flamak ad\u0131na kandaki oksijeni ta\u015f\u0131makla y\u00fck\u00fcml\u00fc protein [&hellip;]\" \/>\n<meta property=\"og:url\" content=\"https:\/\/megasaglik.com\/index.php\/2019\/04\/28\/cocuklarda-demir-eksikligi-anemisi-teshisi-ve-tedavisi\/\" \/>\n<meta property=\"og:site_name\" content=\"Mega Sa\u011fl\u0131k\" \/>\n<meta property=\"article:published_time\" content=\"2019-04-28T17:05:33+00:00\" \/>\n<meta property=\"og:image\" content=\"https:\/\/megasaglik.com\/wp-content\/uploads\/2019\/04\/cocuklarda-demir-eksikligi-anemisi-teshisi-ve-tedavisi.jpg\" \/>\n<meta name=\"author\" content=\"DrElaSoylemez\" \/>\n<meta name=\"twitter:card\" content=\"summary_large_image\" \/>\n<meta name=\"twitter:label1\" content=\"Yazan:\" \/>\n\t<meta name=\"twitter:data1\" content=\"DrElaSoylemez\" \/>\n\t<meta name=\"twitter:label2\" content=\"Tahmini okuma s\u00fcresi\" \/>\n\t<meta name=\"twitter:data2\" content=\"5 dakika\" \/>\n<script type=\"application\/ld+json\" class=\"yoast-schema-graph\">{\"@context\":\"https:\\\/\\\/schema.org\",\"@graph\":[{\"@type\":\"Article\",\"@id\":\"https:\\\/\\\/megasaglik.com\\\/index.php\\\/2019\\\/04\\\/28\\\/cocuklarda-demir-eksikligi-anemisi-teshisi-ve-tedavisi\\\/#article\",\"isPartOf\":{\"@id\":\"https:\\\/\\\/megasaglik.com\\\/index.php\\\/2019\\\/04\\\/28\\\/cocuklarda-demir-eksikligi-anemisi-teshisi-ve-tedavisi\\\/\"},\"author\":{\"name\":\"DrElaSoylemez\",\"@id\":\"https:\\\/\\\/megasaglik.com\\\/#\\\/schema\\\/person\\\/e990d391e914ddf80c72371fe19e886a\"},\"headline\":\"\u00c7ocuklarda Demir Eksikli\u011fi Anemisi Te\u015fhisi Ve Tedavisi !\",\"datePublished\":\"2019-04-28T17:05:33+00:00\",\"mainEntityOfPage\":{\"@id\":\"https:\\\/\\\/megasaglik.com\\\/index.php\\\/2019\\\/04\\\/28\\\/cocuklarda-demir-eksikligi-anemisi-teshisi-ve-tedavisi\\\/\"},\"wordCount\":976,\"commentCount\":0,\"image\":{\"@id\":\"https:\\\/\\\/megasaglik.com\\\/index.php\\\/2019\\\/04\\\/28\\\/cocuklarda-demir-eksikligi-anemisi-teshisi-ve-tedavisi\\\/#primaryimage\"},\"thumbnailUrl\":\"https:\\\/\\\/megasaglik.com\\\/wp-content\\\/uploads\\\/2019\\\/04\\\/cocuklarda-demir-eksikligi-anemisi-teshisi-ve-tedavisi.jpg\",\"inLanguage\":\"tr\",\"potentialAction\":[{\"@type\":\"CommentAction\",\"name\":\"Comment\",\"target\":[\"https:\\\/\\\/megasaglik.com\\\/index.php\\\/2019\\\/04\\\/28\\\/cocuklarda-demir-eksikligi-anemisi-teshisi-ve-tedavisi\\\/#respond\"]}]},{\"@type\":\"WebPage\",\"@id\":\"https:\\\/\\\/megasaglik.com\\\/index.php\\\/2019\\\/04\\\/28\\\/cocuklarda-demir-eksikligi-anemisi-teshisi-ve-tedavisi\\\/\",\"url\":\"https:\\\/\\\/megasaglik.com\\\/index.php\\\/2019\\\/04\\\/28\\\/cocuklarda-demir-eksikligi-anemisi-teshisi-ve-tedavisi\\\/\",\"name\":\"\u00c7ocuklarda Demir Eksikli\u011fi Anemisi Te\u015fhisi Ve Tedavisi ! - Mega Sa\u011fl\u0131k\",\"isPartOf\":{\"@id\":\"https:\\\/\\\/megasaglik.com\\\/#website\"},\"primaryImageOfPage\":{\"@id\":\"https:\\\/\\\/megasaglik.com\\\/index.php\\\/2019\\\/04\\\/28\\\/cocuklarda-demir-eksikligi-anemisi-teshisi-ve-tedavisi\\\/#primaryimage\"},\"image\":{\"@id\":\"https:\\\/\\\/megasaglik.com\\\/index.php\\\/2019\\\/04\\\/28\\\/cocuklarda-demir-eksikligi-anemisi-teshisi-ve-tedavisi\\\/#primaryimage\"},\"thumbnailUrl\":\"https:\\\/\\\/megasaglik.com\\\/wp-content\\\/uploads\\\/2019\\\/04\\\/cocuklarda-demir-eksikligi-anemisi-teshisi-ve-tedavisi.jpg\",\"datePublished\":\"2019-04-28T17:05:33+00:00\",\"author\":{\"@id\":\"https:\\\/\\\/megasaglik.com\\\/#\\\/schema\\\/person\\\/e990d391e914ddf80c72371fe19e886a\"},\"breadcrumb\":{\"@id\":\"https:\\\/\\\/megasaglik.com\\\/index.php\\\/2019\\\/04\\\/28\\\/cocuklarda-demir-eksikligi-anemisi-teshisi-ve-tedavisi\\\/#breadcrumb\"},\"inLanguage\":\"tr\",\"potentialAction\":[{\"@type\":\"ReadAction\",\"target\":[\"https:\\\/\\\/megasaglik.com\\\/index.php\\\/2019\\\/04\\\/28\\\/cocuklarda-demir-eksikligi-anemisi-teshisi-ve-tedavisi\\\/\"]}]},{\"@type\":\"ImageObject\",\"inLanguage\":\"tr\",\"@id\":\"https:\\\/\\\/megasaglik.com\\\/index.php\\\/2019\\\/04\\\/28\\\/cocuklarda-demir-eksikligi-anemisi-teshisi-ve-tedavisi\\\/#primaryimage\",\"url\":\"https:\\\/\\\/megasaglik.com\\\/wp-content\\\/uploads\\\/2019\\\/04\\\/cocuklarda-demir-eksikligi-anemisi-teshisi-ve-tedavisi.jpg\",\"contentUrl\":\"https:\\\/\\\/megasaglik.com\\\/wp-content\\\/uploads\\\/2019\\\/04\\\/cocuklarda-demir-eksikligi-anemisi-teshisi-ve-tedavisi.jpg\"},{\"@type\":\"BreadcrumbList\",\"@id\":\"https:\\\/\\\/megasaglik.com\\\/index.php\\\/2019\\\/04\\\/28\\\/cocuklarda-demir-eksikligi-anemisi-teshisi-ve-tedavisi\\\/#breadcrumb\",\"itemListElement\":[{\"@type\":\"ListItem\",\"position\":1,\"name\":\"Anasayfa\",\"item\":\"https:\\\/\\\/megasaglik.com\\\/\"},{\"@type\":\"ListItem\",\"position\":2,\"name\":\"\u00c7ocuklarda Demir Eksikli\u011fi Anemisi Te\u015fhisi Ve Tedavisi !\"}]},{\"@type\":\"WebSite\",\"@id\":\"https:\\\/\\\/megasaglik.com\\\/#website\",\"url\":\"https:\\\/\\\/megasaglik.com\\\/\",\"name\":\"Mega Sa\u011fl\u0131k\",\"description\":\"\",\"potentialAction\":[{\"@type\":\"SearchAction\",\"target\":{\"@type\":\"EntryPoint\",\"urlTemplate\":\"https:\\\/\\\/megasaglik.com\\\/?s={search_term_string}\"},\"query-input\":{\"@type\":\"PropertyValueSpecification\",\"valueRequired\":true,\"valueName\":\"search_term_string\"}}],\"inLanguage\":\"tr\"},{\"@type\":\"Person\",\"@id\":\"https:\\\/\\\/megasaglik.com\\\/#\\\/schema\\\/person\\\/e990d391e914ddf80c72371fe19e886a\",\"name\":\"DrElaSoylemez\",\"image\":{\"@type\":\"ImageObject\",\"inLanguage\":\"tr\",\"@id\":\"https:\\\/\\\/secure.gravatar.com\\\/avatar\\\/4e3cc83113514480e740ed3254a846225a94f70f4adce1e70f57d8da9db4b271?s=96&d=mm&r=g\",\"url\":\"https:\\\/\\\/secure.gravatar.com\\\/avatar\\\/4e3cc83113514480e740ed3254a846225a94f70f4adce1e70f57d8da9db4b271?s=96&d=mm&r=g\",\"contentUrl\":\"https:\\\/\\\/secure.gravatar.com\\\/avatar\\\/4e3cc83113514480e740ed3254a846225a94f70f4adce1e70f57d8da9db4b271?s=96&d=mm&r=g\",\"caption\":\"DrElaSoylemez\"},\"sameAs\":[\"https:\\\/\\\/megasaglik.com\"],\"url\":\"https:\\\/\\\/megasaglik.com\\\/index.php\\\/author\\\/drelasoylemez\\\/\"}]}<\/script>\n<!-- \/ Yoast SEO plugin. -->","yoast_head_json":{"title":"\u00c7ocuklarda Demir Eksikli\u011fi Anemisi Te\u015fhisi Ve Tedavisi ! - Mega Sa\u011fl\u0131k","robots":{"index":"index","follow":"follow","max-snippet":"max-snippet:-1","max-image-preview":"max-image-preview:large","max-video-preview":"max-video-preview:-1"},"canonical":"https:\/\/megasaglik.com\/index.php\/2019\/04\/28\/cocuklarda-demir-eksikligi-anemisi-teshisi-ve-tedavisi\/","og_locale":"tr_TR","og_type":"article","og_title":"\u00c7ocuklarda Demir Eksikli\u011fi Anemisi Te\u015fhisi Ve Tedavisi ! - Mega Sa\u011fl\u0131k","og_description":"Demir oran\u0131 d\u00fc\u015f\u00fck bir beslenme plan\u0131 ya da anne s\u00fct\u00fcn\u00fcn inek s\u00fct\u00fcyle de\u011fi\u015ftirilmesi, \u00e7ocuklarda demir eksikli\u011fi anemisini tetikleyebilir. Problemi nas\u0131l tespit edece\u011finizi bu yaz\u0131da \u00f6\u011frenin. \u00c7ocuklarda demir eksikli\u011fi anemisi, kandaki demir molek\u00fcl\u00fc oran\u0131n\u0131n ideal seviyelerden az olmas\u0131ndan kaynaklanan bir durumdur. Bu mineral, v\u00fccut dokular\u0131n\u0131n en iyi \u015fekilde \u00e7al\u0131\u015fmas\u0131n\u0131 sa\u011flamak ad\u0131na kandaki oksijeni ta\u015f\u0131makla y\u00fck\u00fcml\u00fc protein [&hellip;]","og_url":"https:\/\/megasaglik.com\/index.php\/2019\/04\/28\/cocuklarda-demir-eksikligi-anemisi-teshisi-ve-tedavisi\/","og_site_name":"Mega Sa\u011fl\u0131k","article_published_time":"2019-04-28T17:05:33+00:00","og_image":[{"url":"https:\/\/megasaglik.com\/wp-content\/uploads\/2019\/04\/cocuklarda-demir-eksikligi-anemisi-teshisi-ve-tedavisi.jpg","type":"","width":"","height":""}],"author":"DrElaSoylemez","twitter_card":"summary_large_image","twitter_misc":{"Yazan:":"DrElaSoylemez","Tahmini okuma s\u00fcresi":"5 dakika"},"schema":{"@context":"https:\/\/schema.org","@graph":[{"@type":"Article","@id":"https:\/\/megasaglik.com\/index.php\/2019\/04\/28\/cocuklarda-demir-eksikligi-anemisi-teshisi-ve-tedavisi\/#article","isPartOf":{"@id":"https:\/\/megasaglik.com\/index.php\/2019\/04\/28\/cocuklarda-demir-eksikligi-anemisi-teshisi-ve-tedavisi\/"},"author":{"name":"DrElaSoylemez","@id":"https:\/\/megasaglik.com\/#\/schema\/person\/e990d391e914ddf80c72371fe19e886a"},"headline":"\u00c7ocuklarda Demir Eksikli\u011fi Anemisi Te\u015fhisi Ve Tedavisi !","datePublished":"2019-04-28T17:05:33+00:00","mainEntityOfPage":{"@id":"https:\/\/megasaglik.com\/index.php\/2019\/04\/28\/cocuklarda-demir-eksikligi-anemisi-teshisi-ve-tedavisi\/"},"wordCount":976,"commentCount":0,"image":{"@id":"https:\/\/megasaglik.com\/index.php\/2019\/04\/28\/cocuklarda-demir-eksikligi-anemisi-teshisi-ve-tedavisi\/#primaryimage"},"thumbnailUrl":"https:\/\/megasaglik.com\/wp-content\/uploads\/2019\/04\/cocuklarda-demir-eksikligi-anemisi-teshisi-ve-tedavisi.jpg","inLanguage":"tr","potentialAction":[{"@type":"CommentAction","name":"Comment","target":["https:\/\/megasaglik.com\/index.php\/2019\/04\/28\/cocuklarda-demir-eksikligi-anemisi-teshisi-ve-tedavisi\/#respond"]}]},{"@type":"WebPage","@id":"https:\/\/megasaglik.com\/index.php\/2019\/04\/28\/cocuklarda-demir-eksikligi-anemisi-teshisi-ve-tedavisi\/","url":"https:\/\/megasaglik.com\/index.php\/2019\/04\/28\/cocuklarda-demir-eksikligi-anemisi-teshisi-ve-tedavisi\/","name":"\u00c7ocuklarda Demir Eksikli\u011fi Anemisi Te\u015fhisi Ve Tedavisi ! - Mega Sa\u011fl\u0131k","isPartOf":{"@id":"https:\/\/megasaglik.com\/#website"},"primaryImageOfPage":{"@id":"https:\/\/megasaglik.com\/index.php\/2019\/04\/28\/cocuklarda-demir-eksikligi-anemisi-teshisi-ve-tedavisi\/#primaryimage"},"image":{"@id":"https:\/\/megasaglik.com\/index.php\/2019\/04\/28\/cocuklarda-demir-eksikligi-anemisi-teshisi-ve-tedavisi\/#primaryimage"},"thumbnailUrl":"https:\/\/megasaglik.com\/wp-content\/uploads\/2019\/04\/cocuklarda-demir-eksikligi-anemisi-teshisi-ve-tedavisi.jpg","datePublished":"2019-04-28T17:05:33+00:00","author":{"@id":"https:\/\/megasaglik.com\/#\/schema\/person\/e990d391e914ddf80c72371fe19e886a"},"breadcrumb":{"@id":"https:\/\/megasaglik.com\/index.php\/2019\/04\/28\/cocuklarda-demir-eksikligi-anemisi-teshisi-ve-tedavisi\/#breadcrumb"},"inLanguage":"tr","potentialAction":[{"@type":"ReadAction","target":["https:\/\/megasaglik.com\/index.php\/2019\/04\/28\/cocuklarda-demir-eksikligi-anemisi-teshisi-ve-tedavisi\/"]}]},{"@type":"ImageObject","inLanguage":"tr","@id":"https:\/\/megasaglik.com\/index.php\/2019\/04\/28\/cocuklarda-demir-eksikligi-anemisi-teshisi-ve-tedavisi\/#primaryimage","url":"https:\/\/megasaglik.com\/wp-content\/uploads\/2019\/04\/cocuklarda-demir-eksikligi-anemisi-teshisi-ve-tedavisi.jpg","contentUrl":"https:\/\/megasaglik.com\/wp-content\/uploads\/2019\/04\/cocuklarda-demir-eksikligi-anemisi-teshisi-ve-tedavisi.jpg"},{"@type":"BreadcrumbList","@id":"https:\/\/megasaglik.com\/index.php\/2019\/04\/28\/cocuklarda-demir-eksikligi-anemisi-teshisi-ve-tedavisi\/#breadcrumb","itemListElement":[{"@type":"ListItem","position":1,"name":"Anasayfa","item":"https:\/\/megasaglik.com\/"},{"@type":"ListItem","position":2,"name":"\u00c7ocuklarda Demir Eksikli\u011fi Anemisi Te\u015fhisi Ve Tedavisi !"}]},{"@type":"WebSite","@id":"https:\/\/megasaglik.com\/#website","url":"https:\/\/megasaglik.com\/","name":"Mega Sa\u011fl\u0131k","description":"","potentialAction":[{"@type":"SearchAction","target":{"@type":"EntryPoint","urlTemplate":"https:\/\/megasaglik.com\/?s={search_term_string}"},"query-input":{"@type":"PropertyValueSpecification","valueRequired":true,"valueName":"search_term_string"}}],"inLanguage":"tr"},{"@type":"Person","@id":"https:\/\/megasaglik.com\/#\/schema\/person\/e990d391e914ddf80c72371fe19e886a","name":"DrElaSoylemez","image":{"@type":"ImageObject","inLanguage":"tr","@id":"https:\/\/secure.gravatar.com\/avatar\/4e3cc83113514480e740ed3254a846225a94f70f4adce1e70f57d8da9db4b271?s=96&d=mm&r=g","url":"https:\/\/secure.gravatar.com\/avatar\/4e3cc83113514480e740ed3254a846225a94f70f4adce1e70f57d8da9db4b271?s=96&d=mm&r=g","contentUrl":"https:\/\/secure.gravatar.com\/avatar\/4e3cc83113514480e740ed3254a846225a94f70f4adce1e70f57d8da9db4b271?s=96&d=mm&r=g","caption":"DrElaSoylemez"},"sameAs":["https:\/\/megasaglik.com"],"url":"https:\/\/megasaglik.com\/index.php\/author\/drelasoylemez\/"}]}},"_links":{"self":[{"href":"https:\/\/megasaglik.com\/index.php\/wp-json\/wp\/v2\/posts\/1870","targetHints":{"allow":["GET"]}}],"collection":[{"href":"https:\/\/megasaglik.com\/index.php\/wp-json\/wp\/v2\/posts"}],"about":[{"href":"https:\/\/megasaglik.com\/index.php\/wp-json\/wp\/v2\/types\/post"}],"author":[{"embeddable":true,"href":"https:\/\/megasaglik.com\/index.php\/wp-json\/wp\/v2\/users\/1"}],"replies":[{"embeddable":true,"href":"https:\/\/megasaglik.com\/index.php\/wp-json\/wp\/v2\/comments?post=1870"}],"version-history":[{"count":0,"href":"https:\/\/megasaglik.com\/index.php\/wp-json\/wp\/v2\/posts\/1870\/revisions"}],"wp:attachment":[{"href":"https:\/\/megasaglik.com\/index.php\/wp-json\/wp\/v2\/media?parent=1870"}],"wp:term":[{"taxonomy":"category","embeddable":true,"href":"https:\/\/megasaglik.com\/index.php\/wp-json\/wp\/v2\/categories?post=1870"},{"taxonomy":"post_tag","embeddable":true,"href":"https:\/\/megasaglik.com\/index.php\/wp-json\/wp\/v2\/tags?post=1870"}],"curies":[{"name":"wp","href":"https:\/\/api.w.org\/{rel}","templated":true}]}}