{"id":2120,"date":"2019-05-07T15:24:49","date_gmt":"2019-05-07T15:24:49","guid":{"rendered":"https:\/\/www.megasaglik.com\/?p=2120"},"modified":"2019-05-07T15:24:49","modified_gmt":"2019-05-07T15:24:49","slug":"bilim-adamlari-unutmak-istedigimiz-anilarimizi-silebilir-mi","status":"publish","type":"post","link":"https:\/\/megasaglik.com\/index.php\/2019\/05\/07\/bilim-adamlari-unutmak-istedigimiz-anilarimizi-silebilir-mi\/","title":{"rendered":"Bilim adamlar\u0131, unutmak istedi\u011fimiz an\u0131lar\u0131m\u0131z\u0131 silebilir mi?"},"content":{"rendered":"<p>Modern bilim, bedenlerimizin ve zihinlerimizin sa\u011fl\u0131kl\u0131 kalmas\u0131na yard\u0131mc\u0131 olmak i\u00e7in sonsuz olanaklar sunar. Son g\u00fcnlerde baz\u0131 ara\u015ft\u0131rmac\u0131lar haf\u0131zam\u0131zda bulunan belirli an\u0131lar\u0131m\u0131z\u0131 zay\u0131flatmak ya da tamamen silmek \u00fczerinde \u00e7al\u0131\u015fmalar y\u00fcr\u00fctmeye devam ediyorlar. Belki de yak\u0131n gelecekte unutmak istedi\u011fimiz eski sevgilimizi kara deli\u011fe g\u00f6nderebilirler.<\/p>\n<p>An\u0131lar\u0131, bize kim oldu\u011fumuzu hat\u0131rlatan d\u00fcnya hakk\u0131ndaki tecr\u00fcbelerimizin b\u00fct\u00fcn\u00fc olarak tan\u0131mlayabiliriz. Olumlu ya da olumsuz t\u00fcm hat\u0131ralar b\u00fcy\u00fcmemizi ve geli\u015fmemizi sa\u011flamaktad\u0131r. S\u0131cak sobaya dokundu\u011fumuz an\u0131 unutursak, tekrar tekrar s\u0131cak sobaya dokunarak ac\u0131 \u00e7ekmemize neden olabilir. Fakat hayat\u0131m\u0131z\u0131 olumsuz y\u00f6nden etkileyen ve k\u00f6kl\u00fc de\u011fi\u015fikliklere neden olan baz\u0131 travmatik an\u0131lar\u0131m\u0131z\u0131 unutmam\u0131z, travma sonras\u0131 ya\u015fanan ruhsal bozukluklar\u0131n tedavisi olabilir.<\/p>\n<p>Bir an\u0131n\u0131n olu\u015fum-hat\u0131rlanma ve unutulma a\u015famalar\u0131 hakk\u0131nda yap\u0131lan \u00e7al\u0131\u015fmalar son y\u0131llarda bir \u00e7ok ara\u015ft\u0131rmac\u0131n\u0131n dikkatini \u00e7ekmektedir. Yap\u0131lan \u00e7al\u0131\u015fmalar sayesinde haf\u0131zan\u0131n \u00e7al\u0131\u015fmas\u0131 hakk\u0131nda g\u00fcn\u00fcm\u00fczde ge\u00e7mi\u015fe g\u00f6re daha fazla bilgiye sahibiz. Bununla birlikte,\u00a0son y\u0131llarda ara\u015ft\u0131rmac\u0131lar hat\u0131ralar\u0131 manip\u00fcle etme olas\u0131l\u0131\u011f\u0131n\u0131 ara\u015ft\u0131rmaya ba\u015flad\u0131lar.<\/p>\n<p>Cambridge\u2019deki Massachusetts Institute of Technology\u2019den bir grup ara\u015ft\u0131rmac\u0131, an\u0131lar\u0131m\u0131z\u0131 yapay bir \u015fekilde de\u011fi\u015ftirip de\u011fi\u015ftirmeyece\u011fimizi anlamak i\u00e7in, farelerin haf\u0131zas\u0131na yapay an\u0131lar yerle\u015ftirmeye \u00e7al\u0131\u015ft\u0131. Bu ilk \u00e7al\u0131\u015fma 2013 y\u0131l\u0131nda ger\u00e7ekle\u015ftirildi. Farelerin haf\u0131zas\u0131n\u0131 manip\u00fcle etmek amac\u0131yla optogenetik bir y\u00f6ntem kulland\u0131lar.<\/p>\n<p>Prof. Susumu Tonegawa&#8217;n\u0131n liderli\u011findeki ekip, biri uzaysal haf\u0131zay\u0131 harekete ge\u00e7iren hipokampusta, di\u011feri de korku haf\u0131zas\u0131n\u0131 harekete ge\u00e7iren amigdalada da olmak \u00fczere iki grup n\u00f6ronu senkronize etmek i\u00e7in optogenetik y\u00f6ntemleri kulland\u0131.\u00a0Deney ba\u015far\u0131l\u0131 oldu &#8211; fareler hi\u00e7bir zaman k\u00f6t\u00fc bir deneyime sahip olmad\u0131klar\u0131 bir alanla\u00a0korkuyu ili\u015fkilendirmeye ba\u015flad\u0131. 2014 y\u0131l\u0131nda buna benzer iki \u00e7al\u0131\u015fma daha ba\u015far\u0131l\u0131 bir \u015fekilde ger\u00e7ekle\u015ftirildi.<\/p>\n<p>Farenin beyninde\u00a0 ger\u00e7ekle\u015ftirilen bu durum insanlar\u0131n beynine aktar\u0131labilir mi? sorusu hepimizin akl\u0131na gelen ilk sorulardan biri oluyor. Dr. Berrens bu konuyu \u015f\u00f6yle a\u00e7\u0131kl\u0131yor. &#8220;Fareler ve s\u0131\u00e7anlar gibi insan olmayan memelilere ger\u00e7ekten bir \u00e7ok y\u00f6nden \u00e7ok benziyoruz. Okumay\u0131 ve yazmay\u0131 \u00f6\u011frenirken insan beyninin geli\u015ftirdi\u011fi haf\u0131za olu\u015fumu ve konsolidasyon s\u00fcreci ayn\u0131 zamanda s\u0131\u00e7an ve farelerde de\u00a0k\u00fc\u00e7\u00fck farkl\u0131l\u0131klar\u00a0 ile \u00e7al\u0131\u015fmaktad\u0131r.&#8221;<\/p>\n<p>G\u00f6n\u00fcll\u00fc insanlar \u00fczerinde yap\u0131lan son deneylerde, insanlar\u0131n haf\u0131zas\u0131ndan istenmeyen an\u0131lar\u0131n silinmesine \u00fczerinde \u00e7al\u0131\u015ft\u0131lar.\u00a0Bu deneyin sonucunda g\u00f6n\u00fcll\u00fclerin daha \u00f6nce hat\u0131rlad\u0131klar\u0131 olumsuz an\u0131y\u0131 art\u0131k hat\u0131rlayamad\u0131klar\u0131n\u0131 g\u00f6zlemlediler.\u00a0Bu, ara\u015ft\u0131rmac\u0131lar\u0131\u00a0 baz\u0131 durumlarda en az\u0131ndan s\u0131\u00e7anlarda yap\u0131lan \u00f6nceki \u00e7al\u0131\u015fmalarda oldu\u011fu gibi insanlarda travmatik hat\u0131ralar\u0131n yeniden hat\u0131rlanmamas\u0131na yard\u0131mc\u0131 olabilece\u011fi sonucuna varmas\u0131n\u0131 sa\u011flad\u0131.<\/p>\n<p>Yak\u0131n gelecekte bu \u00e7al\u0131\u015fmalar, k\u00f6t\u00fc olaylara maruz kalm\u0131\u015f insanlarda travmatik hat\u0131ralar\u0131n etkisinin azalt\u0131lmas\u0131nda yararl\u0131 bir y\u00f6ntem olabilir.<\/p>\n<p><img loading=\"lazy\" decoding=\"async\" class=\"aligncenter size-large wp-image-2121\" src=\"https:\/\/megasaglik.com\/wp-content\/uploads\/2019\/05\/hat%C4%B1ralar%C4%B1n-silinmesi-1024x576.jpg\" alt=\"\" width=\"1024\" height=\"576\" \/><\/p>\n","protected":false},"excerpt":{"rendered":"<p>Modern bilim, bedenlerimizin ve zihinlerimizin sa\u011fl\u0131kl\u0131 kalmas\u0131na yard\u0131mc\u0131 olmak i\u00e7in sonsuz olanaklar sunar. Son g\u00fcnlerde baz\u0131 ara\u015ft\u0131rmac\u0131lar haf\u0131zam\u0131zda bulunan belirli an\u0131lar\u0131m\u0131z\u0131 zay\u0131flatmak ya da tamamen silmek \u00fczerinde \u00e7al\u0131\u015fmalar y\u00fcr\u00fctmeye devam ediyorlar. Belki de yak\u0131n gelecekte unutmak istedi\u011fimiz eski sevgilimizi kara deli\u011fe g\u00f6nderebilirler. An\u0131lar\u0131, bize kim oldu\u011fumuzu hat\u0131rlatan d\u00fcnya hakk\u0131ndaki tecr\u00fcbelerimizin b\u00fct\u00fcn\u00fc olarak tan\u0131mlayabiliriz. Olumlu ya [&hellip;]<\/p>\n","protected":false},"author":1,"featured_media":0,"comment_status":"open","ping_status":"open","sticky":false,"template":"","format":"standard","meta":{"footnotes":""},"categories":[1],"tags":[],"class_list":{"0":"post-2120","1":"post","2":"type-post","3":"status-publish","4":"format-standard","6":"category-genel","7":"czr-hentry"},"yoast_head":"<!-- This site is optimized with the Yoast SEO plugin v27.5 - https:\/\/yoast.com\/product\/yoast-seo-wordpress\/ -->\n<title>Bilim adamlar\u0131, unutmak istedi\u011fimiz an\u0131lar\u0131m\u0131z\u0131 silebilir mi? - Mega Sa\u011fl\u0131k<\/title>\n<meta name=\"robots\" content=\"index, follow, max-snippet:-1, max-image-preview:large, max-video-preview:-1\" \/>\n<link rel=\"canonical\" href=\"https:\/\/megasaglik.com\/index.php\/2019\/05\/07\/bilim-adamlari-unutmak-istedigimiz-anilarimizi-silebilir-mi\/\" \/>\n<meta property=\"og:locale\" content=\"tr_TR\" \/>\n<meta property=\"og:type\" content=\"article\" \/>\n<meta property=\"og:title\" content=\"Bilim adamlar\u0131, unutmak istedi\u011fimiz an\u0131lar\u0131m\u0131z\u0131 silebilir mi? - Mega Sa\u011fl\u0131k\" \/>\n<meta property=\"og:description\" content=\"Modern bilim, bedenlerimizin ve zihinlerimizin sa\u011fl\u0131kl\u0131 kalmas\u0131na yard\u0131mc\u0131 olmak i\u00e7in sonsuz olanaklar sunar. Son g\u00fcnlerde baz\u0131 ara\u015ft\u0131rmac\u0131lar haf\u0131zam\u0131zda bulunan belirli an\u0131lar\u0131m\u0131z\u0131 zay\u0131flatmak ya da tamamen silmek \u00fczerinde \u00e7al\u0131\u015fmalar y\u00fcr\u00fctmeye devam ediyorlar. Belki de yak\u0131n gelecekte unutmak istedi\u011fimiz eski sevgilimizi kara deli\u011fe g\u00f6nderebilirler. An\u0131lar\u0131, bize kim oldu\u011fumuzu hat\u0131rlatan d\u00fcnya hakk\u0131ndaki tecr\u00fcbelerimizin b\u00fct\u00fcn\u00fc olarak tan\u0131mlayabiliriz. Olumlu ya [&hellip;]\" \/>\n<meta property=\"og:url\" content=\"https:\/\/megasaglik.com\/index.php\/2019\/05\/07\/bilim-adamlari-unutmak-istedigimiz-anilarimizi-silebilir-mi\/\" \/>\n<meta property=\"og:site_name\" content=\"Mega Sa\u011fl\u0131k\" \/>\n<meta property=\"article:published_time\" content=\"2019-05-07T15:24:49+00:00\" \/>\n<meta property=\"og:image\" content=\"https:\/\/megasaglik.com\/wp-content\/uploads\/2019\/05\/hatiralarin-silinmesi-scaled-1.jpg\" \/>\n\t<meta property=\"og:image:width\" content=\"2560\" \/>\n\t<meta property=\"og:image:height\" content=\"1440\" \/>\n\t<meta property=\"og:image:type\" content=\"image\/jpeg\" \/>\n<meta name=\"author\" content=\"DrElaSoylemez\" \/>\n<meta name=\"twitter:card\" content=\"summary_large_image\" \/>\n<meta name=\"twitter:label1\" content=\"Yazan:\" \/>\n\t<meta name=\"twitter:data1\" content=\"DrElaSoylemez\" \/>\n\t<meta name=\"twitter:label2\" content=\"Tahmini okuma s\u00fcresi\" \/>\n\t<meta name=\"twitter:data2\" content=\"3 dakika\" \/>\n<script type=\"application\/ld+json\" class=\"yoast-schema-graph\">{\"@context\":\"https:\\\/\\\/schema.org\",\"@graph\":[{\"@type\":\"Article\",\"@id\":\"https:\\\/\\\/megasaglik.com\\\/index.php\\\/2019\\\/05\\\/07\\\/bilim-adamlari-unutmak-istedigimiz-anilarimizi-silebilir-mi\\\/#article\",\"isPartOf\":{\"@id\":\"https:\\\/\\\/megasaglik.com\\\/index.php\\\/2019\\\/05\\\/07\\\/bilim-adamlari-unutmak-istedigimiz-anilarimizi-silebilir-mi\\\/\"},\"author\":{\"name\":\"DrElaSoylemez\",\"@id\":\"https:\\\/\\\/megasaglik.com\\\/#\\\/schema\\\/person\\\/e990d391e914ddf80c72371fe19e886a\"},\"headline\":\"Bilim adamlar\u0131, unutmak istedi\u011fimiz an\u0131lar\u0131m\u0131z\u0131 silebilir mi?\",\"datePublished\":\"2019-05-07T15:24:49+00:00\",\"mainEntityOfPage\":{\"@id\":\"https:\\\/\\\/megasaglik.com\\\/index.php\\\/2019\\\/05\\\/07\\\/bilim-adamlari-unutmak-istedigimiz-anilarimizi-silebilir-mi\\\/\"},\"wordCount\":574,\"commentCount\":0,\"image\":{\"@id\":\"https:\\\/\\\/megasaglik.com\\\/index.php\\\/2019\\\/05\\\/07\\\/bilim-adamlari-unutmak-istedigimiz-anilarimizi-silebilir-mi\\\/#primaryimage\"},\"thumbnailUrl\":\"https:\\\/\\\/megasaglik.com\\\/wp-content\\\/uploads\\\/2019\\\/05\\\/hat%C4%B1ralar%C4%B1n-silinmesi-1024x576.jpg\",\"inLanguage\":\"tr\",\"potentialAction\":[{\"@type\":\"CommentAction\",\"name\":\"Comment\",\"target\":[\"https:\\\/\\\/megasaglik.com\\\/index.php\\\/2019\\\/05\\\/07\\\/bilim-adamlari-unutmak-istedigimiz-anilarimizi-silebilir-mi\\\/#respond\"]}]},{\"@type\":\"WebPage\",\"@id\":\"https:\\\/\\\/megasaglik.com\\\/index.php\\\/2019\\\/05\\\/07\\\/bilim-adamlari-unutmak-istedigimiz-anilarimizi-silebilir-mi\\\/\",\"url\":\"https:\\\/\\\/megasaglik.com\\\/index.php\\\/2019\\\/05\\\/07\\\/bilim-adamlari-unutmak-istedigimiz-anilarimizi-silebilir-mi\\\/\",\"name\":\"Bilim adamlar\u0131, unutmak istedi\u011fimiz an\u0131lar\u0131m\u0131z\u0131 silebilir mi? - Mega Sa\u011fl\u0131k\",\"isPartOf\":{\"@id\":\"https:\\\/\\\/megasaglik.com\\\/#website\"},\"primaryImageOfPage\":{\"@id\":\"https:\\\/\\\/megasaglik.com\\\/index.php\\\/2019\\\/05\\\/07\\\/bilim-adamlari-unutmak-istedigimiz-anilarimizi-silebilir-mi\\\/#primaryimage\"},\"image\":{\"@id\":\"https:\\\/\\\/megasaglik.com\\\/index.php\\\/2019\\\/05\\\/07\\\/bilim-adamlari-unutmak-istedigimiz-anilarimizi-silebilir-mi\\\/#primaryimage\"},\"thumbnailUrl\":\"https:\\\/\\\/megasaglik.com\\\/wp-content\\\/uploads\\\/2019\\\/05\\\/hat%C4%B1ralar%C4%B1n-silinmesi-1024x576.jpg\",\"datePublished\":\"2019-05-07T15:24:49+00:00\",\"author\":{\"@id\":\"https:\\\/\\\/megasaglik.com\\\/#\\\/schema\\\/person\\\/e990d391e914ddf80c72371fe19e886a\"},\"breadcrumb\":{\"@id\":\"https:\\\/\\\/megasaglik.com\\\/index.php\\\/2019\\\/05\\\/07\\\/bilim-adamlari-unutmak-istedigimiz-anilarimizi-silebilir-mi\\\/#breadcrumb\"},\"inLanguage\":\"tr\",\"potentialAction\":[{\"@type\":\"ReadAction\",\"target\":[\"https:\\\/\\\/megasaglik.com\\\/index.php\\\/2019\\\/05\\\/07\\\/bilim-adamlari-unutmak-istedigimiz-anilarimizi-silebilir-mi\\\/\"]}]},{\"@type\":\"ImageObject\",\"inLanguage\":\"tr\",\"@id\":\"https:\\\/\\\/megasaglik.com\\\/index.php\\\/2019\\\/05\\\/07\\\/bilim-adamlari-unutmak-istedigimiz-anilarimizi-silebilir-mi\\\/#primaryimage\",\"url\":\"https:\\\/\\\/megasaglik.com\\\/wp-content\\\/uploads\\\/2019\\\/05\\\/hatiralarin-silinmesi-scaled-1.jpg\",\"contentUrl\":\"https:\\\/\\\/megasaglik.com\\\/wp-content\\\/uploads\\\/2019\\\/05\\\/hatiralarin-silinmesi-scaled-1.jpg\",\"width\":2560,\"height\":1440},{\"@type\":\"BreadcrumbList\",\"@id\":\"https:\\\/\\\/megasaglik.com\\\/index.php\\\/2019\\\/05\\\/07\\\/bilim-adamlari-unutmak-istedigimiz-anilarimizi-silebilir-mi\\\/#breadcrumb\",\"itemListElement\":[{\"@type\":\"ListItem\",\"position\":1,\"name\":\"Anasayfa\",\"item\":\"https:\\\/\\\/megasaglik.com\\\/\"},{\"@type\":\"ListItem\",\"position\":2,\"name\":\"Bilim adamlar\u0131, unutmak istedi\u011fimiz an\u0131lar\u0131m\u0131z\u0131 silebilir mi?\"}]},{\"@type\":\"WebSite\",\"@id\":\"https:\\\/\\\/megasaglik.com\\\/#website\",\"url\":\"https:\\\/\\\/megasaglik.com\\\/\",\"name\":\"Mega Sa\u011fl\u0131k\",\"description\":\"\",\"potentialAction\":[{\"@type\":\"SearchAction\",\"target\":{\"@type\":\"EntryPoint\",\"urlTemplate\":\"https:\\\/\\\/megasaglik.com\\\/?s={search_term_string}\"},\"query-input\":{\"@type\":\"PropertyValueSpecification\",\"valueRequired\":true,\"valueName\":\"search_term_string\"}}],\"inLanguage\":\"tr\"},{\"@type\":\"Person\",\"@id\":\"https:\\\/\\\/megasaglik.com\\\/#\\\/schema\\\/person\\\/e990d391e914ddf80c72371fe19e886a\",\"name\":\"DrElaSoylemez\",\"image\":{\"@type\":\"ImageObject\",\"inLanguage\":\"tr\",\"@id\":\"https:\\\/\\\/secure.gravatar.com\\\/avatar\\\/4e3cc83113514480e740ed3254a846225a94f70f4adce1e70f57d8da9db4b271?s=96&d=mm&r=g\",\"url\":\"https:\\\/\\\/secure.gravatar.com\\\/avatar\\\/4e3cc83113514480e740ed3254a846225a94f70f4adce1e70f57d8da9db4b271?s=96&d=mm&r=g\",\"contentUrl\":\"https:\\\/\\\/secure.gravatar.com\\\/avatar\\\/4e3cc83113514480e740ed3254a846225a94f70f4adce1e70f57d8da9db4b271?s=96&d=mm&r=g\",\"caption\":\"DrElaSoylemez\"},\"sameAs\":[\"https:\\\/\\\/megasaglik.com\"],\"url\":\"https:\\\/\\\/megasaglik.com\\\/index.php\\\/author\\\/drelasoylemez\\\/\"}]}<\/script>\n<!-- \/ Yoast SEO plugin. -->","yoast_head_json":{"title":"Bilim adamlar\u0131, unutmak istedi\u011fimiz an\u0131lar\u0131m\u0131z\u0131 silebilir mi? - Mega Sa\u011fl\u0131k","robots":{"index":"index","follow":"follow","max-snippet":"max-snippet:-1","max-image-preview":"max-image-preview:large","max-video-preview":"max-video-preview:-1"},"canonical":"https:\/\/megasaglik.com\/index.php\/2019\/05\/07\/bilim-adamlari-unutmak-istedigimiz-anilarimizi-silebilir-mi\/","og_locale":"tr_TR","og_type":"article","og_title":"Bilim adamlar\u0131, unutmak istedi\u011fimiz an\u0131lar\u0131m\u0131z\u0131 silebilir mi? - Mega Sa\u011fl\u0131k","og_description":"Modern bilim, bedenlerimizin ve zihinlerimizin sa\u011fl\u0131kl\u0131 kalmas\u0131na yard\u0131mc\u0131 olmak i\u00e7in sonsuz olanaklar sunar. Son g\u00fcnlerde baz\u0131 ara\u015ft\u0131rmac\u0131lar haf\u0131zam\u0131zda bulunan belirli an\u0131lar\u0131m\u0131z\u0131 zay\u0131flatmak ya da tamamen silmek \u00fczerinde \u00e7al\u0131\u015fmalar y\u00fcr\u00fctmeye devam ediyorlar. Belki de yak\u0131n gelecekte unutmak istedi\u011fimiz eski sevgilimizi kara deli\u011fe g\u00f6nderebilirler. An\u0131lar\u0131, bize kim oldu\u011fumuzu hat\u0131rlatan d\u00fcnya hakk\u0131ndaki tecr\u00fcbelerimizin b\u00fct\u00fcn\u00fc olarak tan\u0131mlayabiliriz. Olumlu ya [&hellip;]","og_url":"https:\/\/megasaglik.com\/index.php\/2019\/05\/07\/bilim-adamlari-unutmak-istedigimiz-anilarimizi-silebilir-mi\/","og_site_name":"Mega Sa\u011fl\u0131k","article_published_time":"2019-05-07T15:24:49+00:00","og_image":[{"width":2560,"height":1440,"url":"https:\/\/megasaglik.com\/wp-content\/uploads\/2019\/05\/hatiralarin-silinmesi-scaled-1.jpg","type":"image\/jpeg"}],"author":"DrElaSoylemez","twitter_card":"summary_large_image","twitter_misc":{"Yazan:":"DrElaSoylemez","Tahmini okuma s\u00fcresi":"3 dakika"},"schema":{"@context":"https:\/\/schema.org","@graph":[{"@type":"Article","@id":"https:\/\/megasaglik.com\/index.php\/2019\/05\/07\/bilim-adamlari-unutmak-istedigimiz-anilarimizi-silebilir-mi\/#article","isPartOf":{"@id":"https:\/\/megasaglik.com\/index.php\/2019\/05\/07\/bilim-adamlari-unutmak-istedigimiz-anilarimizi-silebilir-mi\/"},"author":{"name":"DrElaSoylemez","@id":"https:\/\/megasaglik.com\/#\/schema\/person\/e990d391e914ddf80c72371fe19e886a"},"headline":"Bilim adamlar\u0131, unutmak istedi\u011fimiz an\u0131lar\u0131m\u0131z\u0131 silebilir mi?","datePublished":"2019-05-07T15:24:49+00:00","mainEntityOfPage":{"@id":"https:\/\/megasaglik.com\/index.php\/2019\/05\/07\/bilim-adamlari-unutmak-istedigimiz-anilarimizi-silebilir-mi\/"},"wordCount":574,"commentCount":0,"image":{"@id":"https:\/\/megasaglik.com\/index.php\/2019\/05\/07\/bilim-adamlari-unutmak-istedigimiz-anilarimizi-silebilir-mi\/#primaryimage"},"thumbnailUrl":"https:\/\/megasaglik.com\/wp-content\/uploads\/2019\/05\/hat%C4%B1ralar%C4%B1n-silinmesi-1024x576.jpg","inLanguage":"tr","potentialAction":[{"@type":"CommentAction","name":"Comment","target":["https:\/\/megasaglik.com\/index.php\/2019\/05\/07\/bilim-adamlari-unutmak-istedigimiz-anilarimizi-silebilir-mi\/#respond"]}]},{"@type":"WebPage","@id":"https:\/\/megasaglik.com\/index.php\/2019\/05\/07\/bilim-adamlari-unutmak-istedigimiz-anilarimizi-silebilir-mi\/","url":"https:\/\/megasaglik.com\/index.php\/2019\/05\/07\/bilim-adamlari-unutmak-istedigimiz-anilarimizi-silebilir-mi\/","name":"Bilim adamlar\u0131, unutmak istedi\u011fimiz an\u0131lar\u0131m\u0131z\u0131 silebilir mi? - Mega Sa\u011fl\u0131k","isPartOf":{"@id":"https:\/\/megasaglik.com\/#website"},"primaryImageOfPage":{"@id":"https:\/\/megasaglik.com\/index.php\/2019\/05\/07\/bilim-adamlari-unutmak-istedigimiz-anilarimizi-silebilir-mi\/#primaryimage"},"image":{"@id":"https:\/\/megasaglik.com\/index.php\/2019\/05\/07\/bilim-adamlari-unutmak-istedigimiz-anilarimizi-silebilir-mi\/#primaryimage"},"thumbnailUrl":"https:\/\/megasaglik.com\/wp-content\/uploads\/2019\/05\/hat%C4%B1ralar%C4%B1n-silinmesi-1024x576.jpg","datePublished":"2019-05-07T15:24:49+00:00","author":{"@id":"https:\/\/megasaglik.com\/#\/schema\/person\/e990d391e914ddf80c72371fe19e886a"},"breadcrumb":{"@id":"https:\/\/megasaglik.com\/index.php\/2019\/05\/07\/bilim-adamlari-unutmak-istedigimiz-anilarimizi-silebilir-mi\/#breadcrumb"},"inLanguage":"tr","potentialAction":[{"@type":"ReadAction","target":["https:\/\/megasaglik.com\/index.php\/2019\/05\/07\/bilim-adamlari-unutmak-istedigimiz-anilarimizi-silebilir-mi\/"]}]},{"@type":"ImageObject","inLanguage":"tr","@id":"https:\/\/megasaglik.com\/index.php\/2019\/05\/07\/bilim-adamlari-unutmak-istedigimiz-anilarimizi-silebilir-mi\/#primaryimage","url":"https:\/\/megasaglik.com\/wp-content\/uploads\/2019\/05\/hatiralarin-silinmesi-scaled-1.jpg","contentUrl":"https:\/\/megasaglik.com\/wp-content\/uploads\/2019\/05\/hatiralarin-silinmesi-scaled-1.jpg","width":2560,"height":1440},{"@type":"BreadcrumbList","@id":"https:\/\/megasaglik.com\/index.php\/2019\/05\/07\/bilim-adamlari-unutmak-istedigimiz-anilarimizi-silebilir-mi\/#breadcrumb","itemListElement":[{"@type":"ListItem","position":1,"name":"Anasayfa","item":"https:\/\/megasaglik.com\/"},{"@type":"ListItem","position":2,"name":"Bilim adamlar\u0131, unutmak istedi\u011fimiz an\u0131lar\u0131m\u0131z\u0131 silebilir mi?"}]},{"@type":"WebSite","@id":"https:\/\/megasaglik.com\/#website","url":"https:\/\/megasaglik.com\/","name":"Mega Sa\u011fl\u0131k","description":"","potentialAction":[{"@type":"SearchAction","target":{"@type":"EntryPoint","urlTemplate":"https:\/\/megasaglik.com\/?s={search_term_string}"},"query-input":{"@type":"PropertyValueSpecification","valueRequired":true,"valueName":"search_term_string"}}],"inLanguage":"tr"},{"@type":"Person","@id":"https:\/\/megasaglik.com\/#\/schema\/person\/e990d391e914ddf80c72371fe19e886a","name":"DrElaSoylemez","image":{"@type":"ImageObject","inLanguage":"tr","@id":"https:\/\/secure.gravatar.com\/avatar\/4e3cc83113514480e740ed3254a846225a94f70f4adce1e70f57d8da9db4b271?s=96&d=mm&r=g","url":"https:\/\/secure.gravatar.com\/avatar\/4e3cc83113514480e740ed3254a846225a94f70f4adce1e70f57d8da9db4b271?s=96&d=mm&r=g","contentUrl":"https:\/\/secure.gravatar.com\/avatar\/4e3cc83113514480e740ed3254a846225a94f70f4adce1e70f57d8da9db4b271?s=96&d=mm&r=g","caption":"DrElaSoylemez"},"sameAs":["https:\/\/megasaglik.com"],"url":"https:\/\/megasaglik.com\/index.php\/author\/drelasoylemez\/"}]}},"_links":{"self":[{"href":"https:\/\/megasaglik.com\/index.php\/wp-json\/wp\/v2\/posts\/2120","targetHints":{"allow":["GET"]}}],"collection":[{"href":"https:\/\/megasaglik.com\/index.php\/wp-json\/wp\/v2\/posts"}],"about":[{"href":"https:\/\/megasaglik.com\/index.php\/wp-json\/wp\/v2\/types\/post"}],"author":[{"embeddable":true,"href":"https:\/\/megasaglik.com\/index.php\/wp-json\/wp\/v2\/users\/1"}],"replies":[{"embeddable":true,"href":"https:\/\/megasaglik.com\/index.php\/wp-json\/wp\/v2\/comments?post=2120"}],"version-history":[{"count":0,"href":"https:\/\/megasaglik.com\/index.php\/wp-json\/wp\/v2\/posts\/2120\/revisions"}],"wp:attachment":[{"href":"https:\/\/megasaglik.com\/index.php\/wp-json\/wp\/v2\/media?parent=2120"}],"wp:term":[{"taxonomy":"category","embeddable":true,"href":"https:\/\/megasaglik.com\/index.php\/wp-json\/wp\/v2\/categories?post=2120"},{"taxonomy":"post_tag","embeddable":true,"href":"https:\/\/megasaglik.com\/index.php\/wp-json\/wp\/v2\/tags?post=2120"}],"curies":[{"name":"wp","href":"https:\/\/api.w.org\/{rel}","templated":true}]}}