{"id":2980,"date":"2019-09-07T14:04:06","date_gmt":"2019-09-07T14:04:06","guid":{"rendered":"https:\/\/www.megasaglik.com\/?p=2980"},"modified":"2019-09-07T14:04:06","modified_gmt":"2019-09-07T14:04:06","slug":"patates-cipsiyle-abur-cubur-yiyen-17-yasindaki-genc-kor-ve-sagir-oldu","status":"publish","type":"post","link":"https:\/\/megasaglik.com\/index.php\/2019\/09\/07\/patates-cipsiyle-abur-cubur-yiyen-17-yasindaki-genc-kor-ve-sagir-oldu\/","title":{"rendered":"Patates cipsiyle abur cubur yiyen 17 ya\u015f\u0131ndaki gen\u00e7 k\u00f6r ve sa\u011f\u0131r oldu"},"content":{"rendered":"\n<h2 class=\"wp-block-heading\">\u0130NG\u0130LTERE&#8217;de 17 ya\u015f\u0131ndaki bir gen\u00e7 erkek, yakla\u015f\u0131k son 10 y\u0131ld\u0131r &#8216;abur cubur yemekten&#8217; k\u00f6r ve sa\u011f\u0131r oldu. Gen\u00e7te B ve D vitamini eksikli\u011finin bu sonuca yola\u00e7t\u0131\u011f\u0131 ortaya \u00e7\u0131kt\u0131.<\/h2>\n\n\n\n<p>Doktorlar, i\u00e7 hastal\u0131klar\u0131n\u0131 derledikleri raporda yer verdikleri vakada, gencin patates cipsi, patates k\u0131zartmas\u0131, beyaz ekmek ve i\u015flenmi\u015f et a\u011f\u0131rl\u0131kl\u0131 beslenmesi sonucu, 15 ya\u015f\u0131ndan itibaren g\u00f6rme ve i\u015fitme kayb\u0131 ya\u015famaya ba\u015flad\u0131\u011f\u0131n\u0131 yazd\u0131.<\/p>\n\n\n\n<p>Gen\u00e7te, s\u00fcrekli abur cubur t\u00fcketimi sonucu vitamin eksikli\u011fi g\u00f6r\u00fcld\u00fc, bu da gencin beslenmeye dayal\u0131 optik n\u00f6ropati (sinir rahats\u0131zl\u0131\u011f\u0131) ya\u015famas\u0131na neden oldu. Bu rahats\u0131zl\u0131k daha \u00e7ok, \u00e7ocuklar\u0131n yetersiz beslendi\u011fi geli\u015fmekte olan \u00fclkelerde g\u00f6r\u00fcl\u00fcyor.<\/p>\n\n\n\n<p>Ad\u0131 a\u00e7\u0131klanmayan gencin tedavisini yapan Bristol \u00dcniversitesi Ulusal Sa\u011fl\u0131k Hizmetleri\u2019nde g\u00f6revli Dr. Denize Atan, zay\u0131f beslenme ile g\u00f6rme kayb\u0131 aras\u0131ndaki ba\u011fa dair yeterince fark\u0131ndal\u0131k olmad\u0131\u011f\u0131n\u0131 s\u00f6yledi.<\/p>\n\n\n\n<p><strong>Yorgunum diye doktora gidince \u00f6\u011frendi<\/strong><\/p>\n\n\n\n<p>Gen\u00e7, 14 ya\u015f\u0131ndayken \u00f6nce \u2018yorgunluk\u2019 \u015fik\u00e2yetiyle doktora g\u00f6r\u00fcnd\u00fc. \u2018Yemek se\u00e7ici\u2019 olarak biliniyor, herhangi bir ila\u00e7 alm\u0131yordu, ba\u015fka bir sa\u011fl\u0131k sorunu da yoktu.&nbsp;Ama kan testleri gencin B12 eksikli\u011finden kans\u0131zl\u0131k ya\u015fad\u0131\u011f\u0131n\u0131 ortaya koydu. Bu da yorgunlu\u011fa neden olan bir etken.<\/p>\n\n\n\n<p><strong>15&#8217;inde ba\u015flad\u0131 17&#8217;sinde k\u00f6r ve sa\u011f\u0131r oldu<\/strong><br>15 ya\u015f\u0131na geldi\u011finde i\u015fitme kayb\u0131 ba\u015flad\u0131, daha sonra da g\u00f6rme kayb\u0131 ya\u015fad\u0131. \u0130ki y\u0131l boyunca giderek k\u00f6t\u00fcle\u015fen i\u015fitme ve g\u00f6rme yetileri, 17 ya\u015f\u0131na geldi\u011finde tamamen kayboldu.<\/p>\n\n\n\n<blockquote class=\"wp-block-quote is-layout-flow wp-block-quote-is-layout-flow\"><p><em>17 ya\u015f\u0131ndaki gen\u00e7 her g\u00fcn mahallesindeki bal\u0131k\u00e7\u0131dan yaln\u0131zca patates k\u0131zartmas\u0131 yiyor, cips at\u0131\u015ft\u0131r\u0131yor, beyaz ekmek ve i\u015flenmi\u015f domuz salam\u0131 ve sosisle besleniyordu<\/em><\/p><\/blockquote>\n\n\n\n<figure class=\"wp-block-image\"><img loading=\"lazy\" decoding=\"async\" width=\"800\" height=\"533\" src=\"https:\/\/megasaglik.com\/wp-content\/uploads\/2019\/09\/EqHO72FY6cVxyyjg-636729538147782134.jpg\" alt=\"\" class=\"wp-image-2981\" srcset=\"https:\/\/megasaglik.com\/wp-content\/uploads\/2019\/09\/EqHO72FY6cVxyyjg-636729538147782134.jpg 800w, https:\/\/megasaglik.com\/wp-content\/uploads\/2019\/09\/EqHO72FY6cVxyyjg-636729538147782134-300x200.jpg 300w, https:\/\/megasaglik.com\/wp-content\/uploads\/2019\/09\/EqHO72FY6cVxyyjg-636729538147782134-768x512.jpg 768w\" sizes=\"auto, (max-width: 800px) 100vw, 800px\" \/><\/figure>\n\n\n\n<p><strong>B ve D vitamini eksikli\u011fi yapt\u0131<\/strong><br>Raporun yazarlar\u0131ndan Dr. Atan, \u2018B vitamini ve bak\u0131r eksikli\u011finin de g\u00f6rme ve i\u015fitme kayb\u0131na neden olmu\u015f olabilece\u011fini\u2019 s\u00f6yledi. Dr. Atan gencin kemiklerindeki zay\u0131fl\u0131\u011f\u0131n da D vitamini eksikli\u011finden kaynakland\u0131\u011f\u0131, yeterince bal\u0131k ya\u011f\u0131, peynir ve yumurta t\u00fcketmemesiyle ba\u011flant\u0131l\u0131 oldu\u011funu belirtti. (Kaynak : BBC)<\/p>\n","protected":false},"excerpt":{"rendered":"<p>\u0130NG\u0130LTERE&#8217;de 17 ya\u015f\u0131ndaki bir gen\u00e7 erkek, yakla\u015f\u0131k son 10 y\u0131ld\u0131r &#8216;abur cubur yemekten&#8217; k\u00f6r ve sa\u011f\u0131r oldu. Gen\u00e7te B ve D vitamini eksikli\u011finin bu sonuca yola\u00e7t\u0131\u011f\u0131 ortaya \u00e7\u0131kt\u0131. Doktorlar, i\u00e7 hastal\u0131klar\u0131n\u0131 derledikleri raporda yer verdikleri vakada, gencin patates cipsi, patates k\u0131zartmas\u0131, beyaz ekmek ve i\u015flenmi\u015f et a\u011f\u0131rl\u0131kl\u0131 beslenmesi sonucu, 15 ya\u015f\u0131ndan itibaren g\u00f6rme ve i\u015fitme [&hellip;]<\/p>\n","protected":false},"author":1,"featured_media":0,"comment_status":"open","ping_status":"open","sticky":false,"template":"","format":"standard","meta":{"footnotes":""},"categories":[1],"tags":[],"class_list":{"0":"post-2980","1":"post","2":"type-post","3":"status-publish","4":"format-standard","6":"category-genel","7":"czr-hentry"},"yoast_head":"<!-- This site is optimized with the Yoast SEO plugin v27.5 - https:\/\/yoast.com\/product\/yoast-seo-wordpress\/ -->\n<title>Patates cipsiyle abur cubur yiyen 17 ya\u015f\u0131ndaki gen\u00e7 k\u00f6r ve sa\u011f\u0131r oldu - Mega Sa\u011fl\u0131k<\/title>\n<meta name=\"robots\" content=\"index, follow, max-snippet:-1, max-image-preview:large, max-video-preview:-1\" \/>\n<link rel=\"canonical\" href=\"https:\/\/megasaglik.com\/index.php\/2019\/09\/07\/patates-cipsiyle-abur-cubur-yiyen-17-yasindaki-genc-kor-ve-sagir-oldu\/\" \/>\n<meta property=\"og:locale\" content=\"tr_TR\" \/>\n<meta property=\"og:type\" content=\"article\" \/>\n<meta property=\"og:title\" content=\"Patates cipsiyle abur cubur yiyen 17 ya\u015f\u0131ndaki gen\u00e7 k\u00f6r ve sa\u011f\u0131r oldu - Mega Sa\u011fl\u0131k\" \/>\n<meta property=\"og:description\" content=\"\u0130NG\u0130LTERE&#8217;de 17 ya\u015f\u0131ndaki bir gen\u00e7 erkek, yakla\u015f\u0131k son 10 y\u0131ld\u0131r &#8216;abur cubur yemekten&#8217; k\u00f6r ve sa\u011f\u0131r oldu. Gen\u00e7te B ve D vitamini eksikli\u011finin bu sonuca yola\u00e7t\u0131\u011f\u0131 ortaya \u00e7\u0131kt\u0131. Doktorlar, i\u00e7 hastal\u0131klar\u0131n\u0131 derledikleri raporda yer verdikleri vakada, gencin patates cipsi, patates k\u0131zartmas\u0131, beyaz ekmek ve i\u015flenmi\u015f et a\u011f\u0131rl\u0131kl\u0131 beslenmesi sonucu, 15 ya\u015f\u0131ndan itibaren g\u00f6rme ve i\u015fitme [&hellip;]\" \/>\n<meta property=\"og:url\" content=\"https:\/\/megasaglik.com\/index.php\/2019\/09\/07\/patates-cipsiyle-abur-cubur-yiyen-17-yasindaki-genc-kor-ve-sagir-oldu\/\" \/>\n<meta property=\"og:site_name\" content=\"Mega Sa\u011fl\u0131k\" \/>\n<meta property=\"article:published_time\" content=\"2019-09-07T14:04:06+00:00\" \/>\n<meta property=\"og:image\" content=\"https:\/\/megasaglik.com\/wp-content\/uploads\/2019\/09\/EqHO72FY6cVxyyjg-636729538147782134.jpg\" \/>\n\t<meta property=\"og:image:width\" content=\"800\" \/>\n\t<meta property=\"og:image:height\" content=\"533\" \/>\n\t<meta property=\"og:image:type\" content=\"image\/jpeg\" \/>\n<meta name=\"author\" content=\"DrElaSoylemez\" \/>\n<meta name=\"twitter:card\" content=\"summary_large_image\" \/>\n<meta name=\"twitter:label1\" content=\"Yazan:\" \/>\n\t<meta name=\"twitter:data1\" content=\"DrElaSoylemez\" \/>\n\t<meta name=\"twitter:label2\" content=\"Tahmini okuma s\u00fcresi\" \/>\n\t<meta name=\"twitter:data2\" content=\"2 dakika\" \/>\n<script type=\"application\/ld+json\" class=\"yoast-schema-graph\">{\"@context\":\"https:\\\/\\\/schema.org\",\"@graph\":[{\"@type\":\"Article\",\"@id\":\"https:\\\/\\\/megasaglik.com\\\/index.php\\\/2019\\\/09\\\/07\\\/patates-cipsiyle-abur-cubur-yiyen-17-yasindaki-genc-kor-ve-sagir-oldu\\\/#article\",\"isPartOf\":{\"@id\":\"https:\\\/\\\/megasaglik.com\\\/index.php\\\/2019\\\/09\\\/07\\\/patates-cipsiyle-abur-cubur-yiyen-17-yasindaki-genc-kor-ve-sagir-oldu\\\/\"},\"author\":{\"name\":\"DrElaSoylemez\",\"@id\":\"https:\\\/\\\/megasaglik.com\\\/#\\\/schema\\\/person\\\/e990d391e914ddf80c72371fe19e886a\"},\"headline\":\"Patates cipsiyle abur cubur yiyen 17 ya\u015f\u0131ndaki gen\u00e7 k\u00f6r ve sa\u011f\u0131r oldu\",\"datePublished\":\"2019-09-07T14:04:06+00:00\",\"mainEntityOfPage\":{\"@id\":\"https:\\\/\\\/megasaglik.com\\\/index.php\\\/2019\\\/09\\\/07\\\/patates-cipsiyle-abur-cubur-yiyen-17-yasindaki-genc-kor-ve-sagir-oldu\\\/\"},\"wordCount\":382,\"commentCount\":0,\"image\":{\"@id\":\"https:\\\/\\\/megasaglik.com\\\/index.php\\\/2019\\\/09\\\/07\\\/patates-cipsiyle-abur-cubur-yiyen-17-yasindaki-genc-kor-ve-sagir-oldu\\\/#primaryimage\"},\"thumbnailUrl\":\"https:\\\/\\\/megasaglik.com\\\/wp-content\\\/uploads\\\/2019\\\/09\\\/EqHO72FY6cVxyyjg-636729538147782134.jpg\",\"inLanguage\":\"tr\",\"potentialAction\":[{\"@type\":\"CommentAction\",\"name\":\"Comment\",\"target\":[\"https:\\\/\\\/megasaglik.com\\\/index.php\\\/2019\\\/09\\\/07\\\/patates-cipsiyle-abur-cubur-yiyen-17-yasindaki-genc-kor-ve-sagir-oldu\\\/#respond\"]}]},{\"@type\":\"WebPage\",\"@id\":\"https:\\\/\\\/megasaglik.com\\\/index.php\\\/2019\\\/09\\\/07\\\/patates-cipsiyle-abur-cubur-yiyen-17-yasindaki-genc-kor-ve-sagir-oldu\\\/\",\"url\":\"https:\\\/\\\/megasaglik.com\\\/index.php\\\/2019\\\/09\\\/07\\\/patates-cipsiyle-abur-cubur-yiyen-17-yasindaki-genc-kor-ve-sagir-oldu\\\/\",\"name\":\"Patates cipsiyle abur cubur yiyen 17 ya\u015f\u0131ndaki gen\u00e7 k\u00f6r ve sa\u011f\u0131r oldu - Mega Sa\u011fl\u0131k\",\"isPartOf\":{\"@id\":\"https:\\\/\\\/megasaglik.com\\\/#website\"},\"primaryImageOfPage\":{\"@id\":\"https:\\\/\\\/megasaglik.com\\\/index.php\\\/2019\\\/09\\\/07\\\/patates-cipsiyle-abur-cubur-yiyen-17-yasindaki-genc-kor-ve-sagir-oldu\\\/#primaryimage\"},\"image\":{\"@id\":\"https:\\\/\\\/megasaglik.com\\\/index.php\\\/2019\\\/09\\\/07\\\/patates-cipsiyle-abur-cubur-yiyen-17-yasindaki-genc-kor-ve-sagir-oldu\\\/#primaryimage\"},\"thumbnailUrl\":\"https:\\\/\\\/megasaglik.com\\\/wp-content\\\/uploads\\\/2019\\\/09\\\/EqHO72FY6cVxyyjg-636729538147782134.jpg\",\"datePublished\":\"2019-09-07T14:04:06+00:00\",\"author\":{\"@id\":\"https:\\\/\\\/megasaglik.com\\\/#\\\/schema\\\/person\\\/e990d391e914ddf80c72371fe19e886a\"},\"breadcrumb\":{\"@id\":\"https:\\\/\\\/megasaglik.com\\\/index.php\\\/2019\\\/09\\\/07\\\/patates-cipsiyle-abur-cubur-yiyen-17-yasindaki-genc-kor-ve-sagir-oldu\\\/#breadcrumb\"},\"inLanguage\":\"tr\",\"potentialAction\":[{\"@type\":\"ReadAction\",\"target\":[\"https:\\\/\\\/megasaglik.com\\\/index.php\\\/2019\\\/09\\\/07\\\/patates-cipsiyle-abur-cubur-yiyen-17-yasindaki-genc-kor-ve-sagir-oldu\\\/\"]}]},{\"@type\":\"ImageObject\",\"inLanguage\":\"tr\",\"@id\":\"https:\\\/\\\/megasaglik.com\\\/index.php\\\/2019\\\/09\\\/07\\\/patates-cipsiyle-abur-cubur-yiyen-17-yasindaki-genc-kor-ve-sagir-oldu\\\/#primaryimage\",\"url\":\"https:\\\/\\\/megasaglik.com\\\/wp-content\\\/uploads\\\/2019\\\/09\\\/EqHO72FY6cVxyyjg-636729538147782134.jpg\",\"contentUrl\":\"https:\\\/\\\/megasaglik.com\\\/wp-content\\\/uploads\\\/2019\\\/09\\\/EqHO72FY6cVxyyjg-636729538147782134.jpg\",\"width\":800,\"height\":533},{\"@type\":\"BreadcrumbList\",\"@id\":\"https:\\\/\\\/megasaglik.com\\\/index.php\\\/2019\\\/09\\\/07\\\/patates-cipsiyle-abur-cubur-yiyen-17-yasindaki-genc-kor-ve-sagir-oldu\\\/#breadcrumb\",\"itemListElement\":[{\"@type\":\"ListItem\",\"position\":1,\"name\":\"Anasayfa\",\"item\":\"https:\\\/\\\/megasaglik.com\\\/\"},{\"@type\":\"ListItem\",\"position\":2,\"name\":\"Patates cipsiyle abur cubur yiyen 17 ya\u015f\u0131ndaki gen\u00e7 k\u00f6r ve sa\u011f\u0131r oldu\"}]},{\"@type\":\"WebSite\",\"@id\":\"https:\\\/\\\/megasaglik.com\\\/#website\",\"url\":\"https:\\\/\\\/megasaglik.com\\\/\",\"name\":\"Mega Sa\u011fl\u0131k\",\"description\":\"\",\"potentialAction\":[{\"@type\":\"SearchAction\",\"target\":{\"@type\":\"EntryPoint\",\"urlTemplate\":\"https:\\\/\\\/megasaglik.com\\\/?s={search_term_string}\"},\"query-input\":{\"@type\":\"PropertyValueSpecification\",\"valueRequired\":true,\"valueName\":\"search_term_string\"}}],\"inLanguage\":\"tr\"},{\"@type\":\"Person\",\"@id\":\"https:\\\/\\\/megasaglik.com\\\/#\\\/schema\\\/person\\\/e990d391e914ddf80c72371fe19e886a\",\"name\":\"DrElaSoylemez\",\"image\":{\"@type\":\"ImageObject\",\"inLanguage\":\"tr\",\"@id\":\"https:\\\/\\\/secure.gravatar.com\\\/avatar\\\/4e3cc83113514480e740ed3254a846225a94f70f4adce1e70f57d8da9db4b271?s=96&d=mm&r=g\",\"url\":\"https:\\\/\\\/secure.gravatar.com\\\/avatar\\\/4e3cc83113514480e740ed3254a846225a94f70f4adce1e70f57d8da9db4b271?s=96&d=mm&r=g\",\"contentUrl\":\"https:\\\/\\\/secure.gravatar.com\\\/avatar\\\/4e3cc83113514480e740ed3254a846225a94f70f4adce1e70f57d8da9db4b271?s=96&d=mm&r=g\",\"caption\":\"DrElaSoylemez\"},\"sameAs\":[\"https:\\\/\\\/megasaglik.com\"],\"url\":\"https:\\\/\\\/megasaglik.com\\\/index.php\\\/author\\\/drelasoylemez\\\/\"}]}<\/script>\n<!-- \/ Yoast SEO plugin. -->","yoast_head_json":{"title":"Patates cipsiyle abur cubur yiyen 17 ya\u015f\u0131ndaki gen\u00e7 k\u00f6r ve sa\u011f\u0131r oldu - Mega Sa\u011fl\u0131k","robots":{"index":"index","follow":"follow","max-snippet":"max-snippet:-1","max-image-preview":"max-image-preview:large","max-video-preview":"max-video-preview:-1"},"canonical":"https:\/\/megasaglik.com\/index.php\/2019\/09\/07\/patates-cipsiyle-abur-cubur-yiyen-17-yasindaki-genc-kor-ve-sagir-oldu\/","og_locale":"tr_TR","og_type":"article","og_title":"Patates cipsiyle abur cubur yiyen 17 ya\u015f\u0131ndaki gen\u00e7 k\u00f6r ve sa\u011f\u0131r oldu - Mega Sa\u011fl\u0131k","og_description":"\u0130NG\u0130LTERE&#8217;de 17 ya\u015f\u0131ndaki bir gen\u00e7 erkek, yakla\u015f\u0131k son 10 y\u0131ld\u0131r &#8216;abur cubur yemekten&#8217; k\u00f6r ve sa\u011f\u0131r oldu. Gen\u00e7te B ve D vitamini eksikli\u011finin bu sonuca yola\u00e7t\u0131\u011f\u0131 ortaya \u00e7\u0131kt\u0131. Doktorlar, i\u00e7 hastal\u0131klar\u0131n\u0131 derledikleri raporda yer verdikleri vakada, gencin patates cipsi, patates k\u0131zartmas\u0131, beyaz ekmek ve i\u015flenmi\u015f et a\u011f\u0131rl\u0131kl\u0131 beslenmesi sonucu, 15 ya\u015f\u0131ndan itibaren g\u00f6rme ve i\u015fitme [&hellip;]","og_url":"https:\/\/megasaglik.com\/index.php\/2019\/09\/07\/patates-cipsiyle-abur-cubur-yiyen-17-yasindaki-genc-kor-ve-sagir-oldu\/","og_site_name":"Mega Sa\u011fl\u0131k","article_published_time":"2019-09-07T14:04:06+00:00","og_image":[{"width":800,"height":533,"url":"https:\/\/megasaglik.com\/wp-content\/uploads\/2019\/09\/EqHO72FY6cVxyyjg-636729538147782134.jpg","type":"image\/jpeg"}],"author":"DrElaSoylemez","twitter_card":"summary_large_image","twitter_misc":{"Yazan:":"DrElaSoylemez","Tahmini okuma s\u00fcresi":"2 dakika"},"schema":{"@context":"https:\/\/schema.org","@graph":[{"@type":"Article","@id":"https:\/\/megasaglik.com\/index.php\/2019\/09\/07\/patates-cipsiyle-abur-cubur-yiyen-17-yasindaki-genc-kor-ve-sagir-oldu\/#article","isPartOf":{"@id":"https:\/\/megasaglik.com\/index.php\/2019\/09\/07\/patates-cipsiyle-abur-cubur-yiyen-17-yasindaki-genc-kor-ve-sagir-oldu\/"},"author":{"name":"DrElaSoylemez","@id":"https:\/\/megasaglik.com\/#\/schema\/person\/e990d391e914ddf80c72371fe19e886a"},"headline":"Patates cipsiyle abur cubur yiyen 17 ya\u015f\u0131ndaki gen\u00e7 k\u00f6r ve sa\u011f\u0131r oldu","datePublished":"2019-09-07T14:04:06+00:00","mainEntityOfPage":{"@id":"https:\/\/megasaglik.com\/index.php\/2019\/09\/07\/patates-cipsiyle-abur-cubur-yiyen-17-yasindaki-genc-kor-ve-sagir-oldu\/"},"wordCount":382,"commentCount":0,"image":{"@id":"https:\/\/megasaglik.com\/index.php\/2019\/09\/07\/patates-cipsiyle-abur-cubur-yiyen-17-yasindaki-genc-kor-ve-sagir-oldu\/#primaryimage"},"thumbnailUrl":"https:\/\/megasaglik.com\/wp-content\/uploads\/2019\/09\/EqHO72FY6cVxyyjg-636729538147782134.jpg","inLanguage":"tr","potentialAction":[{"@type":"CommentAction","name":"Comment","target":["https:\/\/megasaglik.com\/index.php\/2019\/09\/07\/patates-cipsiyle-abur-cubur-yiyen-17-yasindaki-genc-kor-ve-sagir-oldu\/#respond"]}]},{"@type":"WebPage","@id":"https:\/\/megasaglik.com\/index.php\/2019\/09\/07\/patates-cipsiyle-abur-cubur-yiyen-17-yasindaki-genc-kor-ve-sagir-oldu\/","url":"https:\/\/megasaglik.com\/index.php\/2019\/09\/07\/patates-cipsiyle-abur-cubur-yiyen-17-yasindaki-genc-kor-ve-sagir-oldu\/","name":"Patates cipsiyle abur cubur yiyen 17 ya\u015f\u0131ndaki gen\u00e7 k\u00f6r ve sa\u011f\u0131r oldu - Mega Sa\u011fl\u0131k","isPartOf":{"@id":"https:\/\/megasaglik.com\/#website"},"primaryImageOfPage":{"@id":"https:\/\/megasaglik.com\/index.php\/2019\/09\/07\/patates-cipsiyle-abur-cubur-yiyen-17-yasindaki-genc-kor-ve-sagir-oldu\/#primaryimage"},"image":{"@id":"https:\/\/megasaglik.com\/index.php\/2019\/09\/07\/patates-cipsiyle-abur-cubur-yiyen-17-yasindaki-genc-kor-ve-sagir-oldu\/#primaryimage"},"thumbnailUrl":"https:\/\/megasaglik.com\/wp-content\/uploads\/2019\/09\/EqHO72FY6cVxyyjg-636729538147782134.jpg","datePublished":"2019-09-07T14:04:06+00:00","author":{"@id":"https:\/\/megasaglik.com\/#\/schema\/person\/e990d391e914ddf80c72371fe19e886a"},"breadcrumb":{"@id":"https:\/\/megasaglik.com\/index.php\/2019\/09\/07\/patates-cipsiyle-abur-cubur-yiyen-17-yasindaki-genc-kor-ve-sagir-oldu\/#breadcrumb"},"inLanguage":"tr","potentialAction":[{"@type":"ReadAction","target":["https:\/\/megasaglik.com\/index.php\/2019\/09\/07\/patates-cipsiyle-abur-cubur-yiyen-17-yasindaki-genc-kor-ve-sagir-oldu\/"]}]},{"@type":"ImageObject","inLanguage":"tr","@id":"https:\/\/megasaglik.com\/index.php\/2019\/09\/07\/patates-cipsiyle-abur-cubur-yiyen-17-yasindaki-genc-kor-ve-sagir-oldu\/#primaryimage","url":"https:\/\/megasaglik.com\/wp-content\/uploads\/2019\/09\/EqHO72FY6cVxyyjg-636729538147782134.jpg","contentUrl":"https:\/\/megasaglik.com\/wp-content\/uploads\/2019\/09\/EqHO72FY6cVxyyjg-636729538147782134.jpg","width":800,"height":533},{"@type":"BreadcrumbList","@id":"https:\/\/megasaglik.com\/index.php\/2019\/09\/07\/patates-cipsiyle-abur-cubur-yiyen-17-yasindaki-genc-kor-ve-sagir-oldu\/#breadcrumb","itemListElement":[{"@type":"ListItem","position":1,"name":"Anasayfa","item":"https:\/\/megasaglik.com\/"},{"@type":"ListItem","position":2,"name":"Patates cipsiyle abur cubur yiyen 17 ya\u015f\u0131ndaki gen\u00e7 k\u00f6r ve sa\u011f\u0131r oldu"}]},{"@type":"WebSite","@id":"https:\/\/megasaglik.com\/#website","url":"https:\/\/megasaglik.com\/","name":"Mega Sa\u011fl\u0131k","description":"","potentialAction":[{"@type":"SearchAction","target":{"@type":"EntryPoint","urlTemplate":"https:\/\/megasaglik.com\/?s={search_term_string}"},"query-input":{"@type":"PropertyValueSpecification","valueRequired":true,"valueName":"search_term_string"}}],"inLanguage":"tr"},{"@type":"Person","@id":"https:\/\/megasaglik.com\/#\/schema\/person\/e990d391e914ddf80c72371fe19e886a","name":"DrElaSoylemez","image":{"@type":"ImageObject","inLanguage":"tr","@id":"https:\/\/secure.gravatar.com\/avatar\/4e3cc83113514480e740ed3254a846225a94f70f4adce1e70f57d8da9db4b271?s=96&d=mm&r=g","url":"https:\/\/secure.gravatar.com\/avatar\/4e3cc83113514480e740ed3254a846225a94f70f4adce1e70f57d8da9db4b271?s=96&d=mm&r=g","contentUrl":"https:\/\/secure.gravatar.com\/avatar\/4e3cc83113514480e740ed3254a846225a94f70f4adce1e70f57d8da9db4b271?s=96&d=mm&r=g","caption":"DrElaSoylemez"},"sameAs":["https:\/\/megasaglik.com"],"url":"https:\/\/megasaglik.com\/index.php\/author\/drelasoylemez\/"}]}},"_links":{"self":[{"href":"https:\/\/megasaglik.com\/index.php\/wp-json\/wp\/v2\/posts\/2980","targetHints":{"allow":["GET"]}}],"collection":[{"href":"https:\/\/megasaglik.com\/index.php\/wp-json\/wp\/v2\/posts"}],"about":[{"href":"https:\/\/megasaglik.com\/index.php\/wp-json\/wp\/v2\/types\/post"}],"author":[{"embeddable":true,"href":"https:\/\/megasaglik.com\/index.php\/wp-json\/wp\/v2\/users\/1"}],"replies":[{"embeddable":true,"href":"https:\/\/megasaglik.com\/index.php\/wp-json\/wp\/v2\/comments?post=2980"}],"version-history":[{"count":0,"href":"https:\/\/megasaglik.com\/index.php\/wp-json\/wp\/v2\/posts\/2980\/revisions"}],"wp:attachment":[{"href":"https:\/\/megasaglik.com\/index.php\/wp-json\/wp\/v2\/media?parent=2980"}],"wp:term":[{"taxonomy":"category","embeddable":true,"href":"https:\/\/megasaglik.com\/index.php\/wp-json\/wp\/v2\/categories?post=2980"},{"taxonomy":"post_tag","embeddable":true,"href":"https:\/\/megasaglik.com\/index.php\/wp-json\/wp\/v2\/tags?post=2980"}],"curies":[{"name":"wp","href":"https:\/\/api.w.org\/{rel}","templated":true}]}}