{"id":2990,"date":"2019-09-08T14:57:26","date_gmt":"2019-09-08T14:57:26","guid":{"rendered":"https:\/\/www.megasaglik.com\/?p=2990"},"modified":"2019-09-08T14:57:26","modified_gmt":"2019-09-08T14:57:26","slug":"iste-turk-insaninin-agrilarinin-en-onemli-nedeni","status":"publish","type":"post","link":"https:\/\/megasaglik.com\/index.php\/2019\/09\/08\/iste-turk-insaninin-agrilarinin-en-onemli-nedeni\/","title":{"rendered":"\u0130\u015fte T\u00fcrk insan\u0131n\u0131n a\u011fr\u0131lar\u0131n\u0131n en \u00f6nemli nedeni"},"content":{"rendered":"\n<h2 class=\"wp-block-heading\">T\u00dcRK doktorlar\u0131n\u0131n yapt\u0131\u011f\u0131 ara\u015ft\u0131rma D vitamini ile kas eklem a\u011fr\u0131s\u0131 aras\u0131nda yak\u0131n ili\u015fki oldu\u011funu ortaya \u00e7\u0131kard\u0131. Ara\u015ft\u0131rmaya g\u00f6re kas ve eklem a\u011fr\u0131s\u0131 ya\u015fayanlar\u0131n y\u00fczde 74&#8217;\u00fcnde D vitamini eksikli\u011fi g\u00f6r\u00fcld\u00fc.<\/h2>\n\n\n\n<p>Fizik Tedavi ve Rehabilitasyon Uzman\u0131 Do\u00e7. Dr. Muharrem \u00c7idem&#8217;in \u00f6nderli\u011finde fizik tedavi klini\u011fine yayg\u0131n v\u00fccut a\u011fr\u0131s\u0131yla ba\u015fvuran 14 bin 925 hasta \u00fczerinde ger\u00e7ekle\u015ftirilen ara\u015ft\u0131rma sonucuna g\u00f6re, bu hastalar\u0131n 11 bin 29&#8217;unda&nbsp;D vitamini&nbsp;eksikli\u011fi oldu\u011fu tesbit edildi.<\/p>\n\n\n\n<p>Do\u00e7. Dr. \u00c7idem, D vitaminin en \u00f6nemli kayna\u011f\u0131n g\u00fcne\u015f oldu\u011funu belirtti. Ara\u015ft\u0131rma Uluslararas\u0131 Turkish Journal of Medical Science isimli t\u0131p dergisinde yay\u0131nlan\u0131rken Do\u00e7. Dr. \u00c7idem, &#8220;Modern ya\u015fam tarz\u0131n\u0131n gereklili\u011fi olarak kapal\u0131 i\u015fyerlerinde \u00e7al\u0131\u015fan, hafta sonlar\u0131n\u0131 da al\u0131\u015fveri\u015f merkezlerinde ge\u00e7iren bir toplum olduk. Bu nedenle g\u00fcne\u015f g\u00f6ren bir \u00fclke olmam\u0131za ra\u011fmen&nbsp;D vitamini eksikli\u011fi&nbsp;y\u00fcksek&#8221; dedi.&nbsp;<\/p>\n\n\n\n<p>Akdeniz ikliminde yer alan T\u00fcrkiye&#8217;de &nbsp;yap\u0131lan bir ara\u015ft\u0131rmaya g\u00f6re ise D vitamini eksikli\u011finin g\u00f6r\u00fclme s\u0131kl\u0131\u011f\u0131 kad\u0131nlarda daha fazla olmak \u00fczere y\u00fczde 93.<\/p>\n\n\n\n<p><strong>&#8216;F\u0130Z\u0130K TEDAV\u0130 POL\u0130KL\u0130N\u0130\u011e\u0130NE BA\u015eVURANLARIN Y\u00dcZDE 74&#8217;\u00dcNDE D V\u0130TAM\u0130N\u0130 EKS\u0130KL\u0130\u011e\u0130&#8217;<\/strong><\/p>\n\n\n\n<p>Fizik tedavi ve rehabilitasyon poliklini\u011fine yayg\u0131n a\u011fr\u0131 ile ba\u015fvuran hastalar\u0131n y\u00fczde 74&#8217;\u00fcnde D vitamini eksikli\u011fini saptad\u0131klar\u0131n\u0131 belirten Do\u00e7. Dr. \u00c7idem, &#8220;Bize ba\u015fvuran 14 bin 925 hastan\u0131n 11 bin 29&#8217;unda D vitamini d\u00fc\u015f\u00fckl\u00fc\u011f\u00fc saptad\u0131k. Bu \u00e7ok y\u00fcksek bir oran. Bu d\u00fc\u015f\u00fckl\u00fck, \u015fu anda i\u00e7inde bulundu\u011fumuz k\u0131\u015f aylar\u0131nda daha fazla olurken yaz aylar\u0131nda daha az oldu\u011funu tespit ettik. Mart ay\u0131nda D vitamini en d\u00fc\u015f\u00fck seviyede olurken, kad\u0131nlarda da erkeklere g\u00f6re daha fazla D vitamini eksikli\u011fi g\u00f6r\u00fcld\u00fc\u011f\u00fcn\u00fc \u00f6l\u00e7\u00fcmledik&#8221; diye konu\u015ftu.<\/p>\n\n\n\n<p><strong>&#8216;SADECE KAS EKLEM A\u011eRISI DE\u011e\u0130L BA\u015eKA HASTALIKLARLA DA \u0130L\u0130\u015eK\u0130L\u0130 OLAB\u0130L\u0130R&#8217;<\/strong><br><br>D vitamini eksikli\u011finin kas ve eklem a\u011fr\u0131lar\u0131n\u0131n yan\u0131 s\u0131ra ba\u015fka hastal\u0131klarda da ana etken olmasa dahi, ili\u015fkili oldu\u011funu belirten Do\u00e7. Dr. \u00c7idem, &#8220;D vitamini eksikli\u011fi ile ilgili yap\u0131lan \u00e7al\u0131\u015fmalarda halsizlik, yorgunluk, depresyona e\u011filim, Multipl Skleroz, tansiyon, kalp, diyabet gibi bir\u00e7ok hastal\u0131kla ili\u015fkilendirildi\u011fi biliniyor&#8221; dedi.<\/p>\n\n\n\n<p><strong>&#8216;MODERN TOPLUMLARDA G\u00dcNE\u015e G\u00d6RM\u00dcYORUZ&#8217;<\/strong><br><br>D vitamini eksikli\u011finin artmas\u0131ndaki en \u00f6nemli etkenlerden birinin modern ya\u015fam \u015fekli oldu\u011funu ifade eden Do\u00e7. Dr. \u00c7idem, &#8220;Modern toplumlarda biz art\u0131k bah\u00e7eli m\u00fcstakil evler yerine apartman dairelerinde ya\u015f\u0131yoruz. Hafta sonlar\u0131 a\u00e7\u0131k alanlara gitmek yerine al\u0131\u015fveri\u015f merkezlerine gidiyoruz. Dolay\u0131s\u0131yla g\u00fcne\u015fe maruziyetimiz olmuyor. D vitamininin sentezi i\u00e7in de g\u00fcne\u015fe maruz kalmak \u015fart. Biz besinlerle yeteri kadar D vitamini alam\u0131yoruz. Modern toplumda bunu ba\u015faram\u0131yoruz&#8221; dedi.&nbsp;<\/p>\n\n\n\n<div class=\"wp-block-image\"><figure class=\"aligncenter\"><img loading=\"lazy\" decoding=\"async\" width=\"600\" height=\"340\" src=\"https:\/\/megasaglik.com\/wp-content\/uploads\/2019\/09\/774089.jpg\" alt=\"\" class=\"wp-image-2991\" srcset=\"https:\/\/megasaglik.com\/wp-content\/uploads\/2019\/09\/774089.jpg 600w, https:\/\/megasaglik.com\/wp-content\/uploads\/2019\/09\/774089-300x170.jpg 300w\" sizes=\"auto, (max-width: 600px) 100vw, 600px\" \/><\/figure><\/div>\n\n\n\n<p><strong>&#8216;YA\u011eLI BALIK, YUMURTANIN SARISI, DANA KARAC\u0130\u011eER\u0130 VE TEREYA\u011e T\u00dcKET\u0130N&#8217;<\/strong><br><br>D vitamini sentezi i\u00e7in g\u00fcne\u015fin \u015fart oldu\u011funu ifade eden Do\u00e7. Dr. \u00c7idem, &#8220;Besinlerle yeteri kadar D vitamini alam\u0131yoruz ama yine de D vitamini bak\u0131m\u0131ndan zengin olan besinler var. Ya\u011fl\u0131 bal\u0131k t\u00fcrleri, yumurtan\u0131n sar\u0131s\u0131, dana karaci\u011feri, tereya\u011f gibi besinler de D vitamini bak\u0131m\u0131ndan zengin&#8221; dedi.&nbsp;<\/p>\n\n\n\n<p><strong>&#8216;KAPALI ALANLARDA \u00c7ALI\u015eANLAR R\u0130SK ALTINDA&#8217;<\/strong><br><br>D vitamininin ya\u015fl\u0131larda osteoporoz yani kemik erimesi a\u00e7\u0131s\u0131ndan \u00f6nemli bir etken oldu\u011funu belirten Do\u00e7. Dr. \u00c7idem s\u00f6zlerini \u015f\u00f6yle noktalad\u0131:<br><br>&#8220;Yayg\u0131n&nbsp;v\u00fccut a\u011fr\u0131s\u0131, halsizlik, yorgunluk ya\u015fayan her bireyin belli bir ya\u015ftan sonra D vitamininin d\u00fczenli olarak \u00f6l\u00e7\u00fclmesi gerekti\u011fini d\u00fc\u015f\u00fcn\u00fcyorum ve bunu \u00f6neriyorum \u00e7\u00fcnk\u00fc d\u00fc\u015fme riski ile beraber kal\u00e7a k\u0131r\u0131\u011f\u0131 \u00e7ok b\u00fcy\u00fck bir sorun. O y\u00fczden ya\u015fl\u0131 pop\u00fclasyonun bu konuda daha dikkatli olmas\u0131 gerekiyor. Bunun yan\u0131 s\u0131ra kapal\u0131 alanda \u00e7al\u0131\u015fan herkes risk alt\u0131nda. Sabah i\u015fyerlerine giriyoruz ak\u015fam g\u00fcne\u015f gitti\u011finde \u00e7\u0131k\u0131yoruz ve D vitamini eksikli\u011fi ka\u00e7\u0131n\u0131lmaz oluyor.&nbsp;<br><br>Kas ve eklem sa\u011fl\u0131\u011f\u0131n\u0131n yan\u0131 s\u0131ra ruh sa\u011fl\u0131\u011f\u0131 i\u00e7in de faydalar\u0131 oldu\u011fu bilinen D vitaminin en \u00f6nemli kayna\u011f\u0131 g\u00fcne\u015f.<\/p>\n","protected":false},"excerpt":{"rendered":"<p>T\u00dcRK doktorlar\u0131n\u0131n yapt\u0131\u011f\u0131 ara\u015ft\u0131rma D vitamini ile kas eklem a\u011fr\u0131s\u0131 aras\u0131nda yak\u0131n ili\u015fki oldu\u011funu ortaya \u00e7\u0131kard\u0131. Ara\u015ft\u0131rmaya g\u00f6re kas ve eklem a\u011fr\u0131s\u0131 ya\u015fayanlar\u0131n y\u00fczde 74&#8217;\u00fcnde D vitamini eksikli\u011fi g\u00f6r\u00fcld\u00fc. Fizik Tedavi ve Rehabilitasyon Uzman\u0131 Do\u00e7. Dr. Muharrem \u00c7idem&#8217;in \u00f6nderli\u011finde fizik tedavi klini\u011fine yayg\u0131n v\u00fccut a\u011fr\u0131s\u0131yla ba\u015fvuran 14 bin 925 hasta \u00fczerinde ger\u00e7ekle\u015ftirilen ara\u015ft\u0131rma sonucuna g\u00f6re, [&hellip;]<\/p>\n","protected":false},"author":1,"featured_media":0,"comment_status":"open","ping_status":"open","sticky":false,"template":"","format":"standard","meta":{"footnotes":""},"categories":[1],"tags":[],"class_list":{"0":"post-2990","1":"post","2":"type-post","3":"status-publish","4":"format-standard","6":"category-genel","7":"czr-hentry"},"yoast_head":"<!-- This site is optimized with the Yoast SEO plugin v27.4 - https:\/\/yoast.com\/product\/yoast-seo-wordpress\/ -->\n<title>\u0130\u015fte T\u00fcrk insan\u0131n\u0131n a\u011fr\u0131lar\u0131n\u0131n en \u00f6nemli nedeni - Mega Sa\u011fl\u0131k<\/title>\n<meta name=\"robots\" content=\"index, follow, max-snippet:-1, max-image-preview:large, max-video-preview:-1\" \/>\n<link rel=\"canonical\" href=\"https:\/\/megasaglik.com\/index.php\/2019\/09\/08\/iste-turk-insaninin-agrilarinin-en-onemli-nedeni\/\" \/>\n<meta property=\"og:locale\" content=\"tr_TR\" \/>\n<meta property=\"og:type\" content=\"article\" \/>\n<meta property=\"og:title\" content=\"\u0130\u015fte T\u00fcrk insan\u0131n\u0131n a\u011fr\u0131lar\u0131n\u0131n en \u00f6nemli nedeni - Mega Sa\u011fl\u0131k\" \/>\n<meta property=\"og:description\" content=\"T\u00dcRK doktorlar\u0131n\u0131n yapt\u0131\u011f\u0131 ara\u015ft\u0131rma D vitamini ile kas eklem a\u011fr\u0131s\u0131 aras\u0131nda yak\u0131n ili\u015fki oldu\u011funu ortaya \u00e7\u0131kard\u0131. Ara\u015ft\u0131rmaya g\u00f6re kas ve eklem a\u011fr\u0131s\u0131 ya\u015fayanlar\u0131n y\u00fczde 74&#8217;\u00fcnde D vitamini eksikli\u011fi g\u00f6r\u00fcld\u00fc. Fizik Tedavi ve Rehabilitasyon Uzman\u0131 Do\u00e7. Dr. Muharrem \u00c7idem&#8217;in \u00f6nderli\u011finde fizik tedavi klini\u011fine yayg\u0131n v\u00fccut a\u011fr\u0131s\u0131yla ba\u015fvuran 14 bin 925 hasta \u00fczerinde ger\u00e7ekle\u015ftirilen ara\u015ft\u0131rma sonucuna g\u00f6re, [&hellip;]\" \/>\n<meta property=\"og:url\" content=\"https:\/\/megasaglik.com\/index.php\/2019\/09\/08\/iste-turk-insaninin-agrilarinin-en-onemli-nedeni\/\" \/>\n<meta property=\"og:site_name\" content=\"Mega Sa\u011fl\u0131k\" \/>\n<meta property=\"article:published_time\" content=\"2019-09-08T14:57:26+00:00\" \/>\n<meta property=\"og:image\" content=\"https:\/\/megasaglik.com\/wp-content\/uploads\/2019\/09\/774089.jpg\" \/>\n\t<meta property=\"og:image:width\" content=\"600\" \/>\n\t<meta property=\"og:image:height\" content=\"340\" \/>\n\t<meta property=\"og:image:type\" content=\"image\/jpeg\" \/>\n<meta name=\"author\" content=\"DrElaSoylemez\" \/>\n<meta name=\"twitter:card\" content=\"summary_large_image\" \/>\n<meta name=\"twitter:label1\" content=\"Yazan:\" \/>\n\t<meta name=\"twitter:data1\" content=\"DrElaSoylemez\" \/>\n\t<meta name=\"twitter:label2\" content=\"Tahmini okuma s\u00fcresi\" \/>\n\t<meta name=\"twitter:data2\" content=\"4 dakika\" \/>\n<script type=\"application\/ld+json\" class=\"yoast-schema-graph\">{\"@context\":\"https:\\\/\\\/schema.org\",\"@graph\":[{\"@type\":\"Article\",\"@id\":\"https:\\\/\\\/megasaglik.com\\\/index.php\\\/2019\\\/09\\\/08\\\/iste-turk-insaninin-agrilarinin-en-onemli-nedeni\\\/#article\",\"isPartOf\":{\"@id\":\"https:\\\/\\\/megasaglik.com\\\/index.php\\\/2019\\\/09\\\/08\\\/iste-turk-insaninin-agrilarinin-en-onemli-nedeni\\\/\"},\"author\":{\"name\":\"DrElaSoylemez\",\"@id\":\"https:\\\/\\\/megasaglik.com\\\/#\\\/schema\\\/person\\\/e990d391e914ddf80c72371fe19e886a\"},\"headline\":\"\u0130\u015fte T\u00fcrk insan\u0131n\u0131n a\u011fr\u0131lar\u0131n\u0131n en \u00f6nemli nedeni\",\"datePublished\":\"2019-09-08T14:57:26+00:00\",\"mainEntityOfPage\":{\"@id\":\"https:\\\/\\\/megasaglik.com\\\/index.php\\\/2019\\\/09\\\/08\\\/iste-turk-insaninin-agrilarinin-en-onemli-nedeni\\\/\"},\"wordCount\":757,\"commentCount\":0,\"image\":{\"@id\":\"https:\\\/\\\/megasaglik.com\\\/index.php\\\/2019\\\/09\\\/08\\\/iste-turk-insaninin-agrilarinin-en-onemli-nedeni\\\/#primaryimage\"},\"thumbnailUrl\":\"https:\\\/\\\/megasaglik.com\\\/wp-content\\\/uploads\\\/2019\\\/09\\\/774089.jpg\",\"inLanguage\":\"tr\",\"potentialAction\":[{\"@type\":\"CommentAction\",\"name\":\"Comment\",\"target\":[\"https:\\\/\\\/megasaglik.com\\\/index.php\\\/2019\\\/09\\\/08\\\/iste-turk-insaninin-agrilarinin-en-onemli-nedeni\\\/#respond\"]}]},{\"@type\":\"WebPage\",\"@id\":\"https:\\\/\\\/megasaglik.com\\\/index.php\\\/2019\\\/09\\\/08\\\/iste-turk-insaninin-agrilarinin-en-onemli-nedeni\\\/\",\"url\":\"https:\\\/\\\/megasaglik.com\\\/index.php\\\/2019\\\/09\\\/08\\\/iste-turk-insaninin-agrilarinin-en-onemli-nedeni\\\/\",\"name\":\"\u0130\u015fte T\u00fcrk insan\u0131n\u0131n a\u011fr\u0131lar\u0131n\u0131n en \u00f6nemli nedeni - Mega Sa\u011fl\u0131k\",\"isPartOf\":{\"@id\":\"https:\\\/\\\/megasaglik.com\\\/#website\"},\"primaryImageOfPage\":{\"@id\":\"https:\\\/\\\/megasaglik.com\\\/index.php\\\/2019\\\/09\\\/08\\\/iste-turk-insaninin-agrilarinin-en-onemli-nedeni\\\/#primaryimage\"},\"image\":{\"@id\":\"https:\\\/\\\/megasaglik.com\\\/index.php\\\/2019\\\/09\\\/08\\\/iste-turk-insaninin-agrilarinin-en-onemli-nedeni\\\/#primaryimage\"},\"thumbnailUrl\":\"https:\\\/\\\/megasaglik.com\\\/wp-content\\\/uploads\\\/2019\\\/09\\\/774089.jpg\",\"datePublished\":\"2019-09-08T14:57:26+00:00\",\"author\":{\"@id\":\"https:\\\/\\\/megasaglik.com\\\/#\\\/schema\\\/person\\\/e990d391e914ddf80c72371fe19e886a\"},\"breadcrumb\":{\"@id\":\"https:\\\/\\\/megasaglik.com\\\/index.php\\\/2019\\\/09\\\/08\\\/iste-turk-insaninin-agrilarinin-en-onemli-nedeni\\\/#breadcrumb\"},\"inLanguage\":\"tr\",\"potentialAction\":[{\"@type\":\"ReadAction\",\"target\":[\"https:\\\/\\\/megasaglik.com\\\/index.php\\\/2019\\\/09\\\/08\\\/iste-turk-insaninin-agrilarinin-en-onemli-nedeni\\\/\"]}]},{\"@type\":\"ImageObject\",\"inLanguage\":\"tr\",\"@id\":\"https:\\\/\\\/megasaglik.com\\\/index.php\\\/2019\\\/09\\\/08\\\/iste-turk-insaninin-agrilarinin-en-onemli-nedeni\\\/#primaryimage\",\"url\":\"https:\\\/\\\/megasaglik.com\\\/wp-content\\\/uploads\\\/2019\\\/09\\\/774089.jpg\",\"contentUrl\":\"https:\\\/\\\/megasaglik.com\\\/wp-content\\\/uploads\\\/2019\\\/09\\\/774089.jpg\",\"width\":600,\"height\":340},{\"@type\":\"BreadcrumbList\",\"@id\":\"https:\\\/\\\/megasaglik.com\\\/index.php\\\/2019\\\/09\\\/08\\\/iste-turk-insaninin-agrilarinin-en-onemli-nedeni\\\/#breadcrumb\",\"itemListElement\":[{\"@type\":\"ListItem\",\"position\":1,\"name\":\"Anasayfa\",\"item\":\"https:\\\/\\\/megasaglik.com\\\/\"},{\"@type\":\"ListItem\",\"position\":2,\"name\":\"\u0130\u015fte T\u00fcrk insan\u0131n\u0131n a\u011fr\u0131lar\u0131n\u0131n en \u00f6nemli nedeni\"}]},{\"@type\":\"WebSite\",\"@id\":\"https:\\\/\\\/megasaglik.com\\\/#website\",\"url\":\"https:\\\/\\\/megasaglik.com\\\/\",\"name\":\"Mega Sa\u011fl\u0131k\",\"description\":\"\",\"potentialAction\":[{\"@type\":\"SearchAction\",\"target\":{\"@type\":\"EntryPoint\",\"urlTemplate\":\"https:\\\/\\\/megasaglik.com\\\/?s={search_term_string}\"},\"query-input\":{\"@type\":\"PropertyValueSpecification\",\"valueRequired\":true,\"valueName\":\"search_term_string\"}}],\"inLanguage\":\"tr\"},{\"@type\":\"Person\",\"@id\":\"https:\\\/\\\/megasaglik.com\\\/#\\\/schema\\\/person\\\/e990d391e914ddf80c72371fe19e886a\",\"name\":\"DrElaSoylemez\",\"image\":{\"@type\":\"ImageObject\",\"inLanguage\":\"tr\",\"@id\":\"https:\\\/\\\/secure.gravatar.com\\\/avatar\\\/4e3cc83113514480e740ed3254a846225a94f70f4adce1e70f57d8da9db4b271?s=96&d=mm&r=g\",\"url\":\"https:\\\/\\\/secure.gravatar.com\\\/avatar\\\/4e3cc83113514480e740ed3254a846225a94f70f4adce1e70f57d8da9db4b271?s=96&d=mm&r=g\",\"contentUrl\":\"https:\\\/\\\/secure.gravatar.com\\\/avatar\\\/4e3cc83113514480e740ed3254a846225a94f70f4adce1e70f57d8da9db4b271?s=96&d=mm&r=g\",\"caption\":\"DrElaSoylemez\"},\"sameAs\":[\"https:\\\/\\\/megasaglik.com\"],\"url\":\"https:\\\/\\\/megasaglik.com\\\/index.php\\\/author\\\/drelasoylemez\\\/\"}]}<\/script>\n<!-- \/ Yoast SEO plugin. -->","yoast_head_json":{"title":"\u0130\u015fte T\u00fcrk insan\u0131n\u0131n a\u011fr\u0131lar\u0131n\u0131n en \u00f6nemli nedeni - Mega Sa\u011fl\u0131k","robots":{"index":"index","follow":"follow","max-snippet":"max-snippet:-1","max-image-preview":"max-image-preview:large","max-video-preview":"max-video-preview:-1"},"canonical":"https:\/\/megasaglik.com\/index.php\/2019\/09\/08\/iste-turk-insaninin-agrilarinin-en-onemli-nedeni\/","og_locale":"tr_TR","og_type":"article","og_title":"\u0130\u015fte T\u00fcrk insan\u0131n\u0131n a\u011fr\u0131lar\u0131n\u0131n en \u00f6nemli nedeni - Mega Sa\u011fl\u0131k","og_description":"T\u00dcRK doktorlar\u0131n\u0131n yapt\u0131\u011f\u0131 ara\u015ft\u0131rma D vitamini ile kas eklem a\u011fr\u0131s\u0131 aras\u0131nda yak\u0131n ili\u015fki oldu\u011funu ortaya \u00e7\u0131kard\u0131. Ara\u015ft\u0131rmaya g\u00f6re kas ve eklem a\u011fr\u0131s\u0131 ya\u015fayanlar\u0131n y\u00fczde 74&#8217;\u00fcnde D vitamini eksikli\u011fi g\u00f6r\u00fcld\u00fc. Fizik Tedavi ve Rehabilitasyon Uzman\u0131 Do\u00e7. Dr. Muharrem \u00c7idem&#8217;in \u00f6nderli\u011finde fizik tedavi klini\u011fine yayg\u0131n v\u00fccut a\u011fr\u0131s\u0131yla ba\u015fvuran 14 bin 925 hasta \u00fczerinde ger\u00e7ekle\u015ftirilen ara\u015ft\u0131rma sonucuna g\u00f6re, [&hellip;]","og_url":"https:\/\/megasaglik.com\/index.php\/2019\/09\/08\/iste-turk-insaninin-agrilarinin-en-onemli-nedeni\/","og_site_name":"Mega Sa\u011fl\u0131k","article_published_time":"2019-09-08T14:57:26+00:00","og_image":[{"width":600,"height":340,"url":"https:\/\/megasaglik.com\/wp-content\/uploads\/2019\/09\/774089.jpg","type":"image\/jpeg"}],"author":"DrElaSoylemez","twitter_card":"summary_large_image","twitter_misc":{"Yazan:":"DrElaSoylemez","Tahmini okuma s\u00fcresi":"4 dakika"},"schema":{"@context":"https:\/\/schema.org","@graph":[{"@type":"Article","@id":"https:\/\/megasaglik.com\/index.php\/2019\/09\/08\/iste-turk-insaninin-agrilarinin-en-onemli-nedeni\/#article","isPartOf":{"@id":"https:\/\/megasaglik.com\/index.php\/2019\/09\/08\/iste-turk-insaninin-agrilarinin-en-onemli-nedeni\/"},"author":{"name":"DrElaSoylemez","@id":"https:\/\/megasaglik.com\/#\/schema\/person\/e990d391e914ddf80c72371fe19e886a"},"headline":"\u0130\u015fte T\u00fcrk insan\u0131n\u0131n a\u011fr\u0131lar\u0131n\u0131n en \u00f6nemli nedeni","datePublished":"2019-09-08T14:57:26+00:00","mainEntityOfPage":{"@id":"https:\/\/megasaglik.com\/index.php\/2019\/09\/08\/iste-turk-insaninin-agrilarinin-en-onemli-nedeni\/"},"wordCount":757,"commentCount":0,"image":{"@id":"https:\/\/megasaglik.com\/index.php\/2019\/09\/08\/iste-turk-insaninin-agrilarinin-en-onemli-nedeni\/#primaryimage"},"thumbnailUrl":"https:\/\/megasaglik.com\/wp-content\/uploads\/2019\/09\/774089.jpg","inLanguage":"tr","potentialAction":[{"@type":"CommentAction","name":"Comment","target":["https:\/\/megasaglik.com\/index.php\/2019\/09\/08\/iste-turk-insaninin-agrilarinin-en-onemli-nedeni\/#respond"]}]},{"@type":"WebPage","@id":"https:\/\/megasaglik.com\/index.php\/2019\/09\/08\/iste-turk-insaninin-agrilarinin-en-onemli-nedeni\/","url":"https:\/\/megasaglik.com\/index.php\/2019\/09\/08\/iste-turk-insaninin-agrilarinin-en-onemli-nedeni\/","name":"\u0130\u015fte T\u00fcrk insan\u0131n\u0131n a\u011fr\u0131lar\u0131n\u0131n en \u00f6nemli nedeni - Mega Sa\u011fl\u0131k","isPartOf":{"@id":"https:\/\/megasaglik.com\/#website"},"primaryImageOfPage":{"@id":"https:\/\/megasaglik.com\/index.php\/2019\/09\/08\/iste-turk-insaninin-agrilarinin-en-onemli-nedeni\/#primaryimage"},"image":{"@id":"https:\/\/megasaglik.com\/index.php\/2019\/09\/08\/iste-turk-insaninin-agrilarinin-en-onemli-nedeni\/#primaryimage"},"thumbnailUrl":"https:\/\/megasaglik.com\/wp-content\/uploads\/2019\/09\/774089.jpg","datePublished":"2019-09-08T14:57:26+00:00","author":{"@id":"https:\/\/megasaglik.com\/#\/schema\/person\/e990d391e914ddf80c72371fe19e886a"},"breadcrumb":{"@id":"https:\/\/megasaglik.com\/index.php\/2019\/09\/08\/iste-turk-insaninin-agrilarinin-en-onemli-nedeni\/#breadcrumb"},"inLanguage":"tr","potentialAction":[{"@type":"ReadAction","target":["https:\/\/megasaglik.com\/index.php\/2019\/09\/08\/iste-turk-insaninin-agrilarinin-en-onemli-nedeni\/"]}]},{"@type":"ImageObject","inLanguage":"tr","@id":"https:\/\/megasaglik.com\/index.php\/2019\/09\/08\/iste-turk-insaninin-agrilarinin-en-onemli-nedeni\/#primaryimage","url":"https:\/\/megasaglik.com\/wp-content\/uploads\/2019\/09\/774089.jpg","contentUrl":"https:\/\/megasaglik.com\/wp-content\/uploads\/2019\/09\/774089.jpg","width":600,"height":340},{"@type":"BreadcrumbList","@id":"https:\/\/megasaglik.com\/index.php\/2019\/09\/08\/iste-turk-insaninin-agrilarinin-en-onemli-nedeni\/#breadcrumb","itemListElement":[{"@type":"ListItem","position":1,"name":"Anasayfa","item":"https:\/\/megasaglik.com\/"},{"@type":"ListItem","position":2,"name":"\u0130\u015fte T\u00fcrk insan\u0131n\u0131n a\u011fr\u0131lar\u0131n\u0131n en \u00f6nemli nedeni"}]},{"@type":"WebSite","@id":"https:\/\/megasaglik.com\/#website","url":"https:\/\/megasaglik.com\/","name":"Mega Sa\u011fl\u0131k","description":"","potentialAction":[{"@type":"SearchAction","target":{"@type":"EntryPoint","urlTemplate":"https:\/\/megasaglik.com\/?s={search_term_string}"},"query-input":{"@type":"PropertyValueSpecification","valueRequired":true,"valueName":"search_term_string"}}],"inLanguage":"tr"},{"@type":"Person","@id":"https:\/\/megasaglik.com\/#\/schema\/person\/e990d391e914ddf80c72371fe19e886a","name":"DrElaSoylemez","image":{"@type":"ImageObject","inLanguage":"tr","@id":"https:\/\/secure.gravatar.com\/avatar\/4e3cc83113514480e740ed3254a846225a94f70f4adce1e70f57d8da9db4b271?s=96&d=mm&r=g","url":"https:\/\/secure.gravatar.com\/avatar\/4e3cc83113514480e740ed3254a846225a94f70f4adce1e70f57d8da9db4b271?s=96&d=mm&r=g","contentUrl":"https:\/\/secure.gravatar.com\/avatar\/4e3cc83113514480e740ed3254a846225a94f70f4adce1e70f57d8da9db4b271?s=96&d=mm&r=g","caption":"DrElaSoylemez"},"sameAs":["https:\/\/megasaglik.com"],"url":"https:\/\/megasaglik.com\/index.php\/author\/drelasoylemez\/"}]}},"_links":{"self":[{"href":"https:\/\/megasaglik.com\/index.php\/wp-json\/wp\/v2\/posts\/2990","targetHints":{"allow":["GET"]}}],"collection":[{"href":"https:\/\/megasaglik.com\/index.php\/wp-json\/wp\/v2\/posts"}],"about":[{"href":"https:\/\/megasaglik.com\/index.php\/wp-json\/wp\/v2\/types\/post"}],"author":[{"embeddable":true,"href":"https:\/\/megasaglik.com\/index.php\/wp-json\/wp\/v2\/users\/1"}],"replies":[{"embeddable":true,"href":"https:\/\/megasaglik.com\/index.php\/wp-json\/wp\/v2\/comments?post=2990"}],"version-history":[{"count":0,"href":"https:\/\/megasaglik.com\/index.php\/wp-json\/wp\/v2\/posts\/2990\/revisions"}],"wp:attachment":[{"href":"https:\/\/megasaglik.com\/index.php\/wp-json\/wp\/v2\/media?parent=2990"}],"wp:term":[{"taxonomy":"category","embeddable":true,"href":"https:\/\/megasaglik.com\/index.php\/wp-json\/wp\/v2\/categories?post=2990"},{"taxonomy":"post_tag","embeddable":true,"href":"https:\/\/megasaglik.com\/index.php\/wp-json\/wp\/v2\/tags?post=2990"}],"curies":[{"name":"wp","href":"https:\/\/api.w.org\/{rel}","templated":true}]}}